{"id":997,"date":"2015-12-26T07:00:51","date_gmt":"2015-12-26T06:00:51","guid":{"rendered":"http:\/\/levangilealecran.com?p=997"},"modified":"2015-12-24T07:41:50","modified_gmt":"2015-12-24T06:41:50","slug":"sainte-famille-c-2","status":"publish","type":"post","link":"https:\/\/levangilealecran.com\/?p=997","title":{"rendered":"Sainte Famille &#8211; C"},"content":{"rendered":"<p style=\"text-align: justify;\">J\u00e9sus leur dit: \u00a0\u00bb Pourquoi donc me cherchiez-vous ? Ne saviez-vous pas qu&rsquo;il me faut \u00eatre chez mon P\u00e8re ? \u00a0\u00bb (Lc 2, 49)<\/p>\n<p style=\"text-align: justify;\"><strong>&gt; L\u2019ann\u00e9e de ses 12 ans, J\u00e9sus accompagne pour la premi\u00e8re fois ses parents au Temple \u00e0 J\u00e9rusalem. A la fin de leur p\u00e8lerinage, les parents s\u2019en retournent chez eux, pensant que J\u00e9sus fait route \u00e9galement avec des connaissances. Mais il n\u2019en est rien et apr\u00e8s trois jours d\u2019angoisse, les parents le retrouvent dans le Temple et c\u2019est l\u00e0 que J\u00e9sus leur pose la question ci-dessus.<\/strong><\/p>\n<p style=\"text-align: justify;\"><strong>Pour l\u2019enfant J\u00e9sus, il y a une \u00e9vidence \u00e0 se trouver dans le Temple. A ce moment pr\u00e9sent, c\u2019est l\u00e0 qu\u2019il se sent d\u2019\u00eatre, c\u2019est l\u00e0 que son c\u0153ur lui dit d\u2019\u00eatre. Cela me fait penser \u00e0 la phrase de J\u00e9sus : \u00ab Laissez les enfants venir \u00e0 moi; ne les emp\u00eachez pas, car le Royaume de Dieu est \u00e0 ceux qui sont comme eux \u00bb (Lc 18, 16). Les enfants ont cette spontan\u00e9it\u00e9 de faire ce qu\u2019il leur semble \u00e9vident et ad\u00e9quat, sans se soucier du regard des autres.<\/strong><\/p>\n<p style=\"text-align: justify;\"><strong>&gt; En cette fin d\u2019ann\u00e9e, \u00e0 quelques jours d\u2019une nouvelle, je te propose de relire l\u2019ann\u00e9e qui vient de s\u2019\u00e9couler. A quels moments, en quels lieux nous sommes-nous\u00a0sentis \u00e0 notre\u00a0place. Quand \u00e9tait-ce une \u00e9vidence que nous\u00a0devions \u00eatre l\u00e0 ? Est-ce que ces moments \u00e9taient remplis de Vie, habit\u00e9s par Dieu ?<\/strong><\/p>\n<p style=\"text-align: justify;\"><strong>Que ces moments et ces lieux soient porteurs de fruits pour notre\u00a0ann\u00e9e 2016 !<\/strong><\/p>\n","protected":false},"excerpt":{"rendered":"<p>J\u00e9sus leur dit: \u00a0\u00bb Pourquoi donc me cherchiez-vous ? Ne saviez-vous pas qu&rsquo;il me faut \u00eatre chez mon P\u00e8re ? \u00a0\u00bb (Lc 2, 49) &gt; L\u2019ann\u00e9e de ses 12 ans, J\u00e9sus accompagne pour la premi\u00e8re fois ses parents au Temple \u00e0 J\u00e9rusalem. A la fin de leur p\u00e8lerinage, les parents s\u2019en retournent chez eux, pensant que J\u00e9sus fait route \u00e9galement avec des connaissances. Mais il n\u2019en est rien et apr\u00e8s trois jours d\u2019angoisse, les parents le retrouvent dans le Temple et c\u2019est l\u00e0 que J\u00e9sus leur pose la question ci-dessus. Pour l\u2019enfant J\u00e9sus, il y a une \u00e9vidence \u00e0 se trouver dans le Temple. A ce moment pr\u00e9sent, c\u2019est l\u00e0 \u2026 <a class=\"continue-reading-link\" href=\"https:\/\/levangilealecran.com\/?p=997\"> Continue reading <span class=\"meta-nav\">&rarr; <\/span><\/a><\/p>\n","protected":false},"author":1,"featured_media":0,"comment_status":"open","ping_status":"open","sticky":false,"template":"","format":"standard","meta":{"footnotes":""},"categories":[24,201],"tags":[490,489,224,431,209,491],"class_list":["post-997","post","type-post","status-publish","format-standard","hentry","category-fetes","category-noel","tag-ajuste","tag-enfants","tag-famille","tag-luc","tag-regard","tag-retour"],"_links":{"self":[{"href":"https:\/\/levangilealecran.com\/index.php?rest_route=\/wp\/v2\/posts\/997","targetHints":{"allow":["GET"]}}],"collection":[{"href":"https:\/\/levangilealecran.com\/index.php?rest_route=\/wp\/v2\/posts"}],"about":[{"href":"https:\/\/levangilealecran.com\/index.php?rest_route=\/wp\/v2\/types\/post"}],"author":[{"embeddable":true,"href":"https:\/\/levangilealecran.com\/index.php?rest_route=\/wp\/v2\/users\/1"}],"replies":[{"embeddable":true,"href":"https:\/\/levangilealecran.com\/index.php?rest_route=%2Fwp%2Fv2%2Fcomments&post=997"}],"version-history":[{"count":1,"href":"https:\/\/levangilealecran.com\/index.php?rest_route=\/wp\/v2\/posts\/997\/revisions"}],"predecessor-version":[{"id":998,"href":"https:\/\/levangilealecran.com\/index.php?rest_route=\/wp\/v2\/posts\/997\/revisions\/998"}],"wp:attachment":[{"href":"https:\/\/levangilealecran.com\/index.php?rest_route=%2Fwp%2Fv2%2Fmedia&parent=997"}],"wp:term":[{"taxonomy":"category","embeddable":true,"href":"https:\/\/levangilealecran.com\/index.php?rest_route=%2Fwp%2Fv2%2Fcategories&post=997"},{"taxonomy":"post_tag","embeddable":true,"href":"https:\/\/levangilealecran.com\/index.php?rest_route=%2Fwp%2Fv2%2Ftags&post=997"}],"curies":[{"name":"wp","href":"https:\/\/api.w.org\/{rel}","templated":true}]}}