{"id":995,"date":"2015-12-25T07:00:34","date_gmt":"2015-12-25T06:00:34","guid":{"rendered":"http:\/\/levangilealecran.com?p=995"},"modified":"2015-12-24T07:35:11","modified_gmt":"2015-12-24T06:35:11","slug":"joyeux-noel-2015","status":"publish","type":"post","link":"https:\/\/levangilealecran.com\/?p=995","title":{"rendered":"Joyeux No\u00ebl 2015 !"},"content":{"rendered":"<p style=\"text-align: justify;\">\u00ab Et le Verbe s\u2019est fait chair, il a habit\u00e9 parmi nous. \u00bb (Jn 1, 14)<\/p>\n<p style=\"text-align: justify;\"><strong>&gt; Voici l\u2019annonce la plus bouleversante que le monde ait jamais connue ! Pouvons-nous imaginer que Dieu a choisi de na\u00eetre \u00e0 notre humanit\u00e9 pour se donner une voix aupr\u00e8s des hommes, ses cr\u00e9atures ? C\u2019est incroyable ! Alors, pensons-y, les chr\u00e9tiens que\u00a0nous sommes\u00a0sont\u00a0appel\u00e9s \u00e0 donner naissance \u00e0 la Parole de Dieu, re\u00e7ue en cadeau \u00e0 No\u00ebl dans le Verbe fait chair. Faisons de chacun de nos jours un No\u00ebl, parce que chaque jour la Parole s\u2019incarne dans notre\u00a0vie.<\/strong><\/p>\n","protected":false},"excerpt":{"rendered":"<p>\u00ab Et le Verbe s\u2019est fait chair, il a habit\u00e9 parmi nous. \u00bb (Jn 1, 14) &gt; Voici l\u2019annonce la plus bouleversante que le monde ait jamais connue ! Pouvons-nous imaginer que Dieu a choisi de na\u00eetre \u00e0 notre humanit\u00e9 pour se donner une voix aupr\u00e8s des hommes, ses cr\u00e9atures ? C\u2019est incroyable ! Alors, pensons-y, les chr\u00e9tiens que\u00a0nous sommes\u00a0sont\u00a0appel\u00e9s \u00e0 donner naissance \u00e0 la Parole de Dieu, re\u00e7ue en cadeau \u00e0 No\u00ebl dans le Verbe fait chair. Faisons de chacun de nos jours un No\u00ebl, parce que chaque jour la Parole s\u2019incarne dans notre\u00a0vie.<\/p>\n","protected":false},"author":1,"featured_media":0,"comment_status":"open","ping_status":"open","sticky":false,"template":"","format":"standard","meta":{"footnotes":""},"categories":[24,201],"tags":[222,465,435,488,279],"class_list":["post-995","post","type-post","status-publish","format-standard","hentry","category-fetes","category-noel","tag-incarnation","tag-invites-avent-2015","tag-noel","tag-verbe","tag-vocation"],"_links":{"self":[{"href":"https:\/\/levangilealecran.com\/index.php?rest_route=\/wp\/v2\/posts\/995","targetHints":{"allow":["GET"]}}],"collection":[{"href":"https:\/\/levangilealecran.com\/index.php?rest_route=\/wp\/v2\/posts"}],"about":[{"href":"https:\/\/levangilealecran.com\/index.php?rest_route=\/wp\/v2\/types\/post"}],"author":[{"embeddable":true,"href":"https:\/\/levangilealecran.com\/index.php?rest_route=\/wp\/v2\/users\/1"}],"replies":[{"embeddable":true,"href":"https:\/\/levangilealecran.com\/index.php?rest_route=%2Fwp%2Fv2%2Fcomments&post=995"}],"version-history":[{"count":1,"href":"https:\/\/levangilealecran.com\/index.php?rest_route=\/wp\/v2\/posts\/995\/revisions"}],"predecessor-version":[{"id":996,"href":"https:\/\/levangilealecran.com\/index.php?rest_route=\/wp\/v2\/posts\/995\/revisions\/996"}],"wp:attachment":[{"href":"https:\/\/levangilealecran.com\/index.php?rest_route=%2Fwp%2Fv2%2Fmedia&parent=995"}],"wp:term":[{"taxonomy":"category","embeddable":true,"href":"https:\/\/levangilealecran.com\/index.php?rest_route=%2Fwp%2Fv2%2Fcategories&post=995"},{"taxonomy":"post_tag","embeddable":true,"href":"https:\/\/levangilealecran.com\/index.php?rest_route=%2Fwp%2Fv2%2Ftags&post=995"}],"curies":[{"name":"wp","href":"https:\/\/api.w.org\/{rel}","templated":true}]}}