{"id":993,"date":"2015-12-24T07:27:36","date_gmt":"2015-12-24T06:27:36","guid":{"rendered":"http:\/\/levangilealecran.com?p=993"},"modified":"2015-12-24T07:27:36","modified_gmt":"2015-12-24T06:27:36","slug":"avent-2015-jour-26","status":"publish","type":"post","link":"https:\/\/levangilealecran.com\/?p=993","title":{"rendered":"Avent 2015 &#8211; jour 26"},"content":{"rendered":"<p style=\"text-align: justify;\">Et elle mit au monde son fils premier-n\u00e9 ; elle l\u2019emmaillota et le coucha dans une mangeoire, car il n\u2019y avait pas de place pour eux dans la salle commune.(\u2026)<\/p>\n<p style=\"text-align: justify;\">\u00ab Gloire \u00e0 Dieu au plus haut des cieux, et paix sur la terre aux hommes, qu\u2019Il aime. \u00bb\u00a0(Lc 2,7.14)<\/p>\n<p style=\"text-align: justify;\"><strong>&gt; Ce texte est une invitation \u00e0 prendre soin de cette part de moi qui, comme ce b\u00e9b\u00e9, n\u2019est plus au paradis. Le voil\u00e0 en proie au froid, aux attaques bact\u00e9riologiques, \u00e0 la faim, \u00e0 la soif, \u00e0 la solitude. Comme Marie, je l\u2019emmaillote, j\u2019accueille\u00a0aujourd\u2019hui\u00a0cette part en moi\u00a0qui se sent vuln\u00e9rable. Cette d\u00e9marche bienveillante envers moi-m\u00eame sera peut-\u00eatre le chemin vers la lumi\u00e8re glorieuse et la paix du Tr\u00e8s-Haut. Oh, voil\u00e0 que le b\u00e9b\u00e9 sourit !<\/strong><\/p>\n","protected":false},"excerpt":{"rendered":"<p>Et elle mit au monde son fils premier-n\u00e9 ; elle l\u2019emmaillota et le coucha dans une mangeoire, car il n\u2019y avait pas de place pour eux dans la salle commune.(\u2026) \u00ab Gloire \u00e0 Dieu au plus haut des cieux, et paix sur la terre aux hommes, qu\u2019Il aime. \u00bb\u00a0(Lc 2,7.14) &gt; Ce texte est une invitation \u00e0 prendre soin de cette part de moi qui, comme ce b\u00e9b\u00e9, n\u2019est plus au paradis. Le voil\u00e0 en proie au froid, aux attaques bact\u00e9riologiques, \u00e0 la faim, \u00e0 la soif, \u00e0 la solitude. Comme Marie, je l\u2019emmaillote, j\u2019accueille\u00a0aujourd\u2019hui\u00a0cette part en moi\u00a0qui se sent vuln\u00e9rable. Cette d\u00e9marche bienveillante envers moi-m\u00eame sera peut-\u00eatre le chemin \u2026 <a class=\"continue-reading-link\" href=\"https:\/\/levangilealecran.com\/?p=993\"> Continue reading <span class=\"meta-nav\">&rarr; <\/span><\/a><\/p>\n","protected":false},"author":1,"featured_media":0,"comment_status":"open","ping_status":"open","sticky":false,"template":"","format":"standard","meta":{"footnotes":""},"categories":[147],"tags":[18,486,487,465,200],"class_list":["post-993","post","type-post","status-publish","format-standard","hentry","category-avent-2","tag-avent","tag-enfant","tag-fragile","tag-invites-avent-2015","tag-naissance"],"_links":{"self":[{"href":"https:\/\/levangilealecran.com\/index.php?rest_route=\/wp\/v2\/posts\/993","targetHints":{"allow":["GET"]}}],"collection":[{"href":"https:\/\/levangilealecran.com\/index.php?rest_route=\/wp\/v2\/posts"}],"about":[{"href":"https:\/\/levangilealecran.com\/index.php?rest_route=\/wp\/v2\/types\/post"}],"author":[{"embeddable":true,"href":"https:\/\/levangilealecran.com\/index.php?rest_route=\/wp\/v2\/users\/1"}],"replies":[{"embeddable":true,"href":"https:\/\/levangilealecran.com\/index.php?rest_route=%2Fwp%2Fv2%2Fcomments&post=993"}],"version-history":[{"count":1,"href":"https:\/\/levangilealecran.com\/index.php?rest_route=\/wp\/v2\/posts\/993\/revisions"}],"predecessor-version":[{"id":994,"href":"https:\/\/levangilealecran.com\/index.php?rest_route=\/wp\/v2\/posts\/993\/revisions\/994"}],"wp:attachment":[{"href":"https:\/\/levangilealecran.com\/index.php?rest_route=%2Fwp%2Fv2%2Fmedia&parent=993"}],"wp:term":[{"taxonomy":"category","embeddable":true,"href":"https:\/\/levangilealecran.com\/index.php?rest_route=%2Fwp%2Fv2%2Fcategories&post=993"},{"taxonomy":"post_tag","embeddable":true,"href":"https:\/\/levangilealecran.com\/index.php?rest_route=%2Fwp%2Fv2%2Ftags&post=993"}],"curies":[{"name":"wp","href":"https:\/\/api.w.org\/{rel}","templated":true}]}}