{"id":990,"date":"2015-12-23T07:12:40","date_gmt":"2015-12-23T06:12:40","guid":{"rendered":"http:\/\/levangilealecran.com?p=990"},"modified":"2015-12-23T07:12:40","modified_gmt":"2015-12-23T06:12:40","slug":"avent-2015-jour-25","status":"publish","type":"post","link":"https:\/\/levangilealecran.com\/?p=990","title":{"rendered":"Avent 2015 &#8211; Jour 25"},"content":{"rendered":"<p style=\"text-align: justify;\">Mais sa m\u00e8re prit la parole et d\u00e9clara : \u00ab Non, il s\u2019appellera Jean. \u00bb On lui dit : \u00ab Personne dans ta famille ne porte ce nom-l\u00e0 ! \u00bb (Luc 1,60-61)<\/p>\n<p style=\"text-align: justify;\"><strong>&gt; Elisabeth vient d\u2019enfanter. Ses voisins et sa famille viennent se r\u00e9jouir avec elle mais comme dans toute bonne famille, chacun souhaite donner son point de vue. Surtout quand il s\u2019agit de trouver un pr\u00e9nom au nouveau-n\u00e9 !<\/strong><\/p>\n<p style=\"text-align: justify;\"><strong>Elisabeth ne se d\u00e9monte pas face \u00e0 toute sa famille et ses voisins, \u00ab Il s\u2019appellera Jean \u00bb.<\/strong><\/p>\n<p style=\"text-align: justify;\"><strong>Nous nous retrouvons r\u00e9guli\u00e8rement en porte \u00e0 faux avec notre famille, nos amis, nos voisins quand il s\u2019agit de faire la volont\u00e9 de Dieu. Notre c\u0153ur nous tiraille entre la volont\u00e9 de suivre Dieu mais \u00e9galement celle d\u2019\u00e9couter notre famille qui peut souvent malgr\u00e9 elle nous immobiliser.<\/strong><\/p>\n<p style=\"text-align: justify;\"><strong>Aujourd\u2019hui, \u00e0 deux jours de la naissance de notre Sauveur essayons de contempler la beaut\u00e9 et la fermet\u00e9 de notre Foi avec un regard neuf d\u2019enfant d\u00e9couvrant le monde.<\/strong><\/p>\n","protected":false},"excerpt":{"rendered":"<p>Mais sa m\u00e8re prit la parole et d\u00e9clara : \u00ab Non, il s\u2019appellera Jean. \u00bb On lui dit : \u00ab Personne dans ta famille ne porte ce nom-l\u00e0 ! \u00bb (Luc 1,60-61) &gt; Elisabeth vient d\u2019enfanter. Ses voisins et sa famille viennent se r\u00e9jouir avec elle mais comme dans toute bonne famille, chacun souhaite donner son point de vue. Surtout quand il s\u2019agit de trouver un pr\u00e9nom au nouveau-n\u00e9 ! Elisabeth ne se d\u00e9monte pas face \u00e0 toute sa famille et ses voisins, \u00ab Il s\u2019appellera Jean \u00bb. Nous nous retrouvons r\u00e9guli\u00e8rement en porte \u00e0 faux avec notre famille, nos amis, nos voisins quand il s\u2019agit de faire la volont\u00e9 \u2026 <a class=\"continue-reading-link\" href=\"https:\/\/levangilealecran.com\/?p=990\"> Continue reading <span class=\"meta-nav\">&rarr; <\/span><\/a><\/p>\n","protected":false},"author":1,"featured_media":0,"comment_status":"open","ping_status":"open","sticky":false,"template":"","format":"standard","meta":{"footnotes":""},"categories":[147],"tags":[18,305,60,465,209],"class_list":["post-990","post","type-post","status-publish","format-standard","hentry","category-avent-2","tag-avent","tag-choix","tag-ecoute","tag-invites-avent-2015","tag-regard"],"_links":{"self":[{"href":"https:\/\/levangilealecran.com\/index.php?rest_route=\/wp\/v2\/posts\/990","targetHints":{"allow":["GET"]}}],"collection":[{"href":"https:\/\/levangilealecran.com\/index.php?rest_route=\/wp\/v2\/posts"}],"about":[{"href":"https:\/\/levangilealecran.com\/index.php?rest_route=\/wp\/v2\/types\/post"}],"author":[{"embeddable":true,"href":"https:\/\/levangilealecran.com\/index.php?rest_route=\/wp\/v2\/users\/1"}],"replies":[{"embeddable":true,"href":"https:\/\/levangilealecran.com\/index.php?rest_route=%2Fwp%2Fv2%2Fcomments&post=990"}],"version-history":[{"count":1,"href":"https:\/\/levangilealecran.com\/index.php?rest_route=\/wp\/v2\/posts\/990\/revisions"}],"predecessor-version":[{"id":991,"href":"https:\/\/levangilealecran.com\/index.php?rest_route=\/wp\/v2\/posts\/990\/revisions\/991"}],"wp:attachment":[{"href":"https:\/\/levangilealecran.com\/index.php?rest_route=%2Fwp%2Fv2%2Fmedia&parent=990"}],"wp:term":[{"taxonomy":"category","embeddable":true,"href":"https:\/\/levangilealecran.com\/index.php?rest_route=%2Fwp%2Fv2%2Fcategories&post=990"},{"taxonomy":"post_tag","embeddable":true,"href":"https:\/\/levangilealecran.com\/index.php?rest_route=%2Fwp%2Fv2%2Ftags&post=990"}],"curies":[{"name":"wp","href":"https:\/\/api.w.org\/{rel}","templated":true}]}}