{"id":986,"date":"2015-12-21T07:00:53","date_gmt":"2015-12-21T06:00:53","guid":{"rendered":"http:\/\/levangilealecran.com?p=986"},"modified":"2015-12-20T07:28:55","modified_gmt":"2015-12-20T06:28:55","slug":"avent-2015-jour-23","status":"publish","type":"post","link":"https:\/\/levangilealecran.com\/?p=986","title":{"rendered":"Avent 2015 &#8211; Jour 23"},"content":{"rendered":"<p style=\"text-align: justify;\">Heureuse celle qui a cru \u00e0 l\u2019accomplissement des paroles qui lui furent dites de la part du Seigneur. (Lc 1,45)<\/p>\n<p style=\"text-align: justify;\"><strong>&gt; Avons-nous des oreilles pour entendre ce que le Seigneur nous raconte ? Nous ne sommes pas sourds, mais nous savons bien que nous refusons parfois d\u2019\u00e9couter.<\/strong><\/p>\n<p style=\"text-align: justify;\"><strong>Et avons-nous la foi de croire que cela va arriver ? \u00c7a s\u2019appelle l\u2019esp\u00e9rance. Comme le dit si bien P\u00e9guy, entre la foi, la charit\u00e9 et l\u2019esp\u00e9rance, cette derni\u00e8re est la plus fragile.<\/strong><\/p>\n<p style=\"text-align: justify;\"><strong>Mais elle nous prend par la main. Prenons bien soin d\u2019elle.<\/strong><\/p>\n","protected":false},"excerpt":{"rendered":"<p>Heureuse celle qui a cru \u00e0 l\u2019accomplissement des paroles qui lui furent dites de la part du Seigneur. (Lc 1,45) &gt; Avons-nous des oreilles pour entendre ce que le Seigneur nous raconte ? Nous ne sommes pas sourds, mais nous savons bien que nous refusons parfois d\u2019\u00e9couter. Et avons-nous la foi de croire que cela va arriver ? \u00c7a s\u2019appelle l\u2019esp\u00e9rance. Comme le dit si bien P\u00e9guy, entre la foi, la charit\u00e9 et l\u2019esp\u00e9rance, cette derni\u00e8re est la plus fragile. Mais elle nous prend par la main. Prenons bien soin d\u2019elle.<\/p>\n","protected":false},"author":1,"featured_media":0,"comment_status":"open","ping_status":"open","sticky":false,"template":"","format":"standard","meta":{"footnotes":""},"categories":[147],"tags":[18,50,76,465,443],"class_list":["post-986","post","type-post","status-publish","format-standard","hentry","category-avent-2","tag-avent","tag-esperance","tag-foi","tag-invites-avent-2015","tag-peguy"],"_links":{"self":[{"href":"https:\/\/levangilealecran.com\/index.php?rest_route=\/wp\/v2\/posts\/986","targetHints":{"allow":["GET"]}}],"collection":[{"href":"https:\/\/levangilealecran.com\/index.php?rest_route=\/wp\/v2\/posts"}],"about":[{"href":"https:\/\/levangilealecran.com\/index.php?rest_route=\/wp\/v2\/types\/post"}],"author":[{"embeddable":true,"href":"https:\/\/levangilealecran.com\/index.php?rest_route=\/wp\/v2\/users\/1"}],"replies":[{"embeddable":true,"href":"https:\/\/levangilealecran.com\/index.php?rest_route=%2Fwp%2Fv2%2Fcomments&post=986"}],"version-history":[{"count":1,"href":"https:\/\/levangilealecran.com\/index.php?rest_route=\/wp\/v2\/posts\/986\/revisions"}],"predecessor-version":[{"id":987,"href":"https:\/\/levangilealecran.com\/index.php?rest_route=\/wp\/v2\/posts\/986\/revisions\/987"}],"wp:attachment":[{"href":"https:\/\/levangilealecran.com\/index.php?rest_route=%2Fwp%2Fv2%2Fmedia&parent=986"}],"wp:term":[{"taxonomy":"category","embeddable":true,"href":"https:\/\/levangilealecran.com\/index.php?rest_route=%2Fwp%2Fv2%2Fcategories&post=986"},{"taxonomy":"post_tag","embeddable":true,"href":"https:\/\/levangilealecran.com\/index.php?rest_route=%2Fwp%2Fv2%2Ftags&post=986"}],"curies":[{"name":"wp","href":"https:\/\/api.w.org\/{rel}","templated":true}]}}