{"id":979,"date":"2015-12-18T07:18:50","date_gmt":"2015-12-18T06:18:50","guid":{"rendered":"http:\/\/levangilealecran.com?p=979"},"modified":"2015-12-18T07:18:50","modified_gmt":"2015-12-18T06:18:50","slug":"avent-2015-jour-20","status":"publish","type":"post","link":"https:\/\/levangilealecran.com\/?p=979","title":{"rendered":"Avent 2015 &#8211; Jour 20"},"content":{"rendered":"<p style=\"text-align: justify;\">Voici que la Vierge concevra,\u00a0et elle enfantera un fils ;\u00a0on lui donnera le nom d\u2019Emmanuel,<br \/>\nqui se traduit : \u00ab Dieu-avec-nous \u00bb. (Mt 1,23)<\/p>\n<p style=\"text-align: justify;\"><strong>&gt; Dieu avec nous au long de cette journ\u00e9e. A l&rsquo;heure de la pri\u00e8re certes, mais aussi -et plut\u00f4t!- Dieu avec nous, comme un impr\u00e9vu accueilli, une br\u00e8che dans une impasse, un sourire dans une relation impossible, comme une esp\u00e9rance en lieu et place du fatalisme. Bref, comme un enfant, soudainement pr\u00e9sent dans le sein d&rsquo;une vierge, une semence de vie, bien l\u00e0 et pourtant si peu de choses. A moins que nous n&rsquo;en prenions soin. D\u00e9tectons ces soup\u00e7ons de vie en nous aujourd&rsquo;hui !<\/strong><\/p>\n","protected":false},"excerpt":{"rendered":"<p>Voici que la Vierge concevra,\u00a0et elle enfantera un fils ;\u00a0on lui donnera le nom d\u2019Emmanuel, qui se traduit : \u00ab Dieu-avec-nous \u00bb. (Mt 1,23) &gt; Dieu avec nous au long de cette journ\u00e9e. A l&rsquo;heure de la pri\u00e8re certes, mais aussi -et plut\u00f4t!- Dieu avec nous, comme un impr\u00e9vu accueilli, une br\u00e8che dans une impasse, un sourire dans une relation impossible, comme une esp\u00e9rance en lieu et place du fatalisme. Bref, comme un enfant, soudainement pr\u00e9sent dans le sein d&rsquo;une vierge, une semence de vie, bien l\u00e0 et pourtant si peu de choses. A moins que nous n&rsquo;en prenions soin. D\u00e9tectons ces soup\u00e7ons de vie en nous aujourd&rsquo;hui !<\/p>\n","protected":false},"author":1,"featured_media":0,"comment_status":"open","ping_status":"open","sticky":false,"template":"","format":"standard","meta":{"footnotes":""},"categories":[147],"tags":[18,483,183,233,465],"class_list":["post-979","post","type-post","status-publish","format-standard","hentry","category-avent-2","tag-avent","tag-dieu-avec-nous","tag-emmanuel","tag-imprevu","tag-invites-avent-2015"],"_links":{"self":[{"href":"https:\/\/levangilealecran.com\/index.php?rest_route=\/wp\/v2\/posts\/979","targetHints":{"allow":["GET"]}}],"collection":[{"href":"https:\/\/levangilealecran.com\/index.php?rest_route=\/wp\/v2\/posts"}],"about":[{"href":"https:\/\/levangilealecran.com\/index.php?rest_route=\/wp\/v2\/types\/post"}],"author":[{"embeddable":true,"href":"https:\/\/levangilealecran.com\/index.php?rest_route=\/wp\/v2\/users\/1"}],"replies":[{"embeddable":true,"href":"https:\/\/levangilealecran.com\/index.php?rest_route=%2Fwp%2Fv2%2Fcomments&post=979"}],"version-history":[{"count":1,"href":"https:\/\/levangilealecran.com\/index.php?rest_route=\/wp\/v2\/posts\/979\/revisions"}],"predecessor-version":[{"id":980,"href":"https:\/\/levangilealecran.com\/index.php?rest_route=\/wp\/v2\/posts\/979\/revisions\/980"}],"wp:attachment":[{"href":"https:\/\/levangilealecran.com\/index.php?rest_route=%2Fwp%2Fv2%2Fmedia&parent=979"}],"wp:term":[{"taxonomy":"category","embeddable":true,"href":"https:\/\/levangilealecran.com\/index.php?rest_route=%2Fwp%2Fv2%2Fcategories&post=979"},{"taxonomy":"post_tag","embeddable":true,"href":"https:\/\/levangilealecran.com\/index.php?rest_route=%2Fwp%2Fv2%2Ftags&post=979"}],"curies":[{"name":"wp","href":"https:\/\/api.w.org\/{rel}","templated":true}]}}