{"id":975,"date":"2015-12-16T07:12:11","date_gmt":"2015-12-16T06:12:11","guid":{"rendered":"http:\/\/levangilealecran.com?p=975"},"modified":"2015-12-16T07:12:11","modified_gmt":"2015-12-16T06:12:11","slug":"avent-2015-jour-18","status":"publish","type":"post","link":"https:\/\/levangilealecran.com\/?p=975","title":{"rendered":"Avent 2015 &#8211; Jour 18"},"content":{"rendered":"<p style=\"text-align: justify;\">Jean-Baptise (\u2026), s\u2019adressant \u00e0 deux de ses disciples, les envoya vers le Seigneur pour lui demander : \u00ab Es-tu \u00ab Celui qui vient \u00bb ou devons-nous en attendre un autre ? \u00bb (Luc 7,19)<\/p>\n<p style=\"text-align: justify;\"><strong>&gt; Tout cela semble trop beau pour \u00eatre vrai : ce que nous attendons depuis si longtemps\u2026 pourrait \u00eatre l\u00e0, devant nos yeux ? Et pourtant&#8230; ! Comme les disciples de Jean, osons poser cette question \u00e0 ceux qui nous entourent : est-ce toi, celui que j\u2019attendais ? est-ce toi, le Christ, dans ces multiples petits miracles quotidiens qui font que la vie retrouve un sens ?<\/strong><\/p>\n","protected":false},"excerpt":{"rendered":"<p>Jean-Baptise (\u2026), s\u2019adressant \u00e0 deux de ses disciples, les envoya vers le Seigneur pour lui demander : \u00ab Es-tu \u00ab Celui qui vient \u00bb ou devons-nous en attendre un autre ? \u00bb (Luc 7,19) &gt; Tout cela semble trop beau pour \u00eatre vrai : ce que nous attendons depuis si longtemps\u2026 pourrait \u00eatre l\u00e0, devant nos yeux ? Et pourtant&#8230; ! Comme les disciples de Jean, osons poser cette question \u00e0 ceux qui nous entourent : est-ce toi, celui que j\u2019attendais ? est-ce toi, le Christ, dans ces multiples petits miracles quotidiens qui font que la vie retrouve un sens ?<\/p>\n","protected":false},"author":1,"featured_media":0,"comment_status":"open","ping_status":"open","sticky":false,"template":"","format":"standard","meta":{"footnotes":""},"categories":[147],"tags":[71,481,18,465,479],"class_list":["post-975","post","type-post","status-publish","format-standard","hentry","category-avent-2","tag-attente","tag-audace","tag-avent","tag-invites-avent-2015","tag-question"],"_links":{"self":[{"href":"https:\/\/levangilealecran.com\/index.php?rest_route=\/wp\/v2\/posts\/975","targetHints":{"allow":["GET"]}}],"collection":[{"href":"https:\/\/levangilealecran.com\/index.php?rest_route=\/wp\/v2\/posts"}],"about":[{"href":"https:\/\/levangilealecran.com\/index.php?rest_route=\/wp\/v2\/types\/post"}],"author":[{"embeddable":true,"href":"https:\/\/levangilealecran.com\/index.php?rest_route=\/wp\/v2\/users\/1"}],"replies":[{"embeddable":true,"href":"https:\/\/levangilealecran.com\/index.php?rest_route=%2Fwp%2Fv2%2Fcomments&post=975"}],"version-history":[{"count":1,"href":"https:\/\/levangilealecran.com\/index.php?rest_route=\/wp\/v2\/posts\/975\/revisions"}],"predecessor-version":[{"id":976,"href":"https:\/\/levangilealecran.com\/index.php?rest_route=\/wp\/v2\/posts\/975\/revisions\/976"}],"wp:attachment":[{"href":"https:\/\/levangilealecran.com\/index.php?rest_route=%2Fwp%2Fv2%2Fmedia&parent=975"}],"wp:term":[{"taxonomy":"category","embeddable":true,"href":"https:\/\/levangilealecran.com\/index.php?rest_route=%2Fwp%2Fv2%2Fcategories&post=975"},{"taxonomy":"post_tag","embeddable":true,"href":"https:\/\/levangilealecran.com\/index.php?rest_route=%2Fwp%2Fv2%2Ftags&post=975"}],"curies":[{"name":"wp","href":"https:\/\/api.w.org\/{rel}","templated":true}]}}