{"id":966,"date":"2015-12-12T07:17:53","date_gmt":"2015-12-12T06:17:53","guid":{"rendered":"http:\/\/levangilealecran.com?p=966"},"modified":"2015-12-12T07:17:53","modified_gmt":"2015-12-12T06:17:53","slug":"avent-2015-jour-14","status":"publish","type":"post","link":"https:\/\/levangilealecran.com\/?p=966","title":{"rendered":"Avent 2015 &#8211; Jour 14"},"content":{"rendered":"<p style=\"text-align: justify;\">Mais, je vous le d\u00e9clare : \u00c9lie est d\u00e9j\u00e0 venu ; au lieu de le reconna\u00eetre, ils lui ont fait tout ce qu\u2019ils ont voulu. Et de m\u00eame, le Fils de l\u2019homme va souffrir par eux. (Mt 17,12)<\/p>\n<p>&gt; Chacun pense avoir raison, d\u00e9tenir la v\u00e9rit\u00e9, savoir ce qui est juste et bien. Ne serait-ce pas une mani\u00e8re de se rassurer, de dire que la mani\u00e8re que nous avons de vivre et de penser est la bonne sans se remettre en question ni constater nos d\u00e9fauts et erreurs ? Savoir \u00e9couter, savoir s\u2019ouvrir \u00e0 l\u2019autre, oser d\u00e9voiler ses faiblesses, accepter que l\u2019autre ne m\u2019est pas si \u00e9tranger \u2026 pour faire moins souffrir le Fils de l\u2019homme et soi-m\u00eame.<\/p>\n","protected":false},"excerpt":{"rendered":"<p>Mais, je vous le d\u00e9clare : \u00c9lie est d\u00e9j\u00e0 venu ; au lieu de le reconna\u00eetre, ils lui ont fait tout ce qu\u2019ils ont voulu. Et de m\u00eame, le Fils de l\u2019homme va souffrir par eux. (Mt 17,12) &gt; Chacun pense avoir raison, d\u00e9tenir la v\u00e9rit\u00e9, savoir ce qui est juste et bien. Ne serait-ce pas une mani\u00e8re de se rassurer, de dire que la mani\u00e8re que nous avons de vivre et de penser est la bonne sans se remettre en question ni constater nos d\u00e9fauts et erreurs ? Savoir \u00e9couter, savoir s\u2019ouvrir \u00e0 l\u2019autre, oser d\u00e9voiler ses faiblesses, accepter que l\u2019autre ne m\u2019est pas si \u00e9tranger \u2026 pour faire \u2026 <a class=\"continue-reading-link\" href=\"https:\/\/levangilealecran.com\/?p=966\"> Continue reading <span class=\"meta-nav\">&rarr; <\/span><\/a><\/p>\n","protected":false},"author":1,"featured_media":0,"comment_status":"open","ping_status":"open","sticky":false,"template":"","format":"standard","meta":{"footnotes":""},"categories":[147],"tags":[60,124,465,118,477],"class_list":["post-966","post","type-post","status-publish","format-standard","hentry","category-avent-2","tag-ecoute","tag-humilite","tag-invites-avent-2015","tag-ouverture","tag-reconnaitre"],"_links":{"self":[{"href":"https:\/\/levangilealecran.com\/index.php?rest_route=\/wp\/v2\/posts\/966","targetHints":{"allow":["GET"]}}],"collection":[{"href":"https:\/\/levangilealecran.com\/index.php?rest_route=\/wp\/v2\/posts"}],"about":[{"href":"https:\/\/levangilealecran.com\/index.php?rest_route=\/wp\/v2\/types\/post"}],"author":[{"embeddable":true,"href":"https:\/\/levangilealecran.com\/index.php?rest_route=\/wp\/v2\/users\/1"}],"replies":[{"embeddable":true,"href":"https:\/\/levangilealecran.com\/index.php?rest_route=%2Fwp%2Fv2%2Fcomments&post=966"}],"version-history":[{"count":1,"href":"https:\/\/levangilealecran.com\/index.php?rest_route=\/wp\/v2\/posts\/966\/revisions"}],"predecessor-version":[{"id":967,"href":"https:\/\/levangilealecran.com\/index.php?rest_route=\/wp\/v2\/posts\/966\/revisions\/967"}],"wp:attachment":[{"href":"https:\/\/levangilealecran.com\/index.php?rest_route=%2Fwp%2Fv2%2Fmedia&parent=966"}],"wp:term":[{"taxonomy":"category","embeddable":true,"href":"https:\/\/levangilealecran.com\/index.php?rest_route=%2Fwp%2Fv2%2Fcategories&post=966"},{"taxonomy":"post_tag","embeddable":true,"href":"https:\/\/levangilealecran.com\/index.php?rest_route=%2Fwp%2Fv2%2Ftags&post=966"}],"curies":[{"name":"wp","href":"https:\/\/api.w.org\/{rel}","templated":true}]}}