{"id":964,"date":"2015-12-11T07:08:27","date_gmt":"2015-12-11T06:08:27","guid":{"rendered":"http:\/\/levangilealecran.com?p=964"},"modified":"2015-12-11T07:08:27","modified_gmt":"2015-12-11T06:08:27","slug":"avent-2015-jour-13","status":"publish","type":"post","link":"https:\/\/levangilealecran.com\/?p=964","title":{"rendered":"Avent 2015 &#8211; Jour 13"},"content":{"rendered":"<p style=\"text-align: justify;\">A qui vais-je comparer cette g\u00e9n\u00e9ration? Elle ressemble \u00e0 des gamins assis sur les places, qui en interpellent d&rsquo;autres en disant: \u00ab\u00a0Nous vous avons jou\u00e9 de la fl\u00fbte, et vous n&rsquo;avez pas dans\u00e9. Nous avons chant\u00e9 des lamentations, et vous ne vous \u00eates pas frapp\u00e9 la poitrine.\u00a0\u00bb (Mt 11, 16-17)<\/p>\n<p style=\"text-align: justify;\"><strong>&gt; Quelle est notre v\u00e9ritable place en cette g\u00e9n\u00e9ration? Dansons-nous au son de la musique joyeuse et douce que joue le Christ qui vient nous rejoindre dans notre quotidien de mal et de f\u00eate? Ou pleurons-nous aux complaintes aust\u00e8res de Jean-Baptiste qui nous invite \u00e0 une vie int\u00e9rieure nouvelle? Qu&rsquo;importe! La sagesse de Dieu nous justifie par les bons fruits qu&rsquo;elle nous donne de porter.<\/strong><\/p>\n","protected":false},"excerpt":{"rendered":"<p>A qui vais-je comparer cette g\u00e9n\u00e9ration? Elle ressemble \u00e0 des gamins assis sur les places, qui en interpellent d&rsquo;autres en disant: \u00ab\u00a0Nous vous avons jou\u00e9 de la fl\u00fbte, et vous n&rsquo;avez pas dans\u00e9. Nous avons chant\u00e9 des lamentations, et vous ne vous \u00eates pas frapp\u00e9 la poitrine.\u00a0\u00bb (Mt 11, 16-17) &gt; Quelle est notre v\u00e9ritable place en cette g\u00e9n\u00e9ration? Dansons-nous au son de la musique joyeuse et douce que joue le Christ qui vient nous rejoindre dans notre quotidien de mal et de f\u00eate? Ou pleurons-nous aux complaintes aust\u00e8res de Jean-Baptiste qui nous invite \u00e0 une vie int\u00e9rieure nouvelle? Qu&rsquo;importe! La sagesse de Dieu nous justifie par les bons fruits \u2026 <a class=\"continue-reading-link\" href=\"https:\/\/levangilealecran.com\/?p=964\"> Continue reading <span class=\"meta-nav\">&rarr; <\/span><\/a><\/p>\n","protected":false},"author":1,"featured_media":0,"comment_status":"open","ping_status":"open","sticky":false,"template":"","format":"standard","meta":{"footnotes":""},"categories":[147],"tags":[18,465,75,476,187],"class_list":["post-964","post","type-post","status-publish","format-standard","hentry","category-avent-2","tag-avent","tag-invites-avent-2015","tag-joie","tag-musique","tag-sagesse"],"_links":{"self":[{"href":"https:\/\/levangilealecran.com\/index.php?rest_route=\/wp\/v2\/posts\/964","targetHints":{"allow":["GET"]}}],"collection":[{"href":"https:\/\/levangilealecran.com\/index.php?rest_route=\/wp\/v2\/posts"}],"about":[{"href":"https:\/\/levangilealecran.com\/index.php?rest_route=\/wp\/v2\/types\/post"}],"author":[{"embeddable":true,"href":"https:\/\/levangilealecran.com\/index.php?rest_route=\/wp\/v2\/users\/1"}],"replies":[{"embeddable":true,"href":"https:\/\/levangilealecran.com\/index.php?rest_route=%2Fwp%2Fv2%2Fcomments&post=964"}],"version-history":[{"count":1,"href":"https:\/\/levangilealecran.com\/index.php?rest_route=\/wp\/v2\/posts\/964\/revisions"}],"predecessor-version":[{"id":965,"href":"https:\/\/levangilealecran.com\/index.php?rest_route=\/wp\/v2\/posts\/964\/revisions\/965"}],"wp:attachment":[{"href":"https:\/\/levangilealecran.com\/index.php?rest_route=%2Fwp%2Fv2%2Fmedia&parent=964"}],"wp:term":[{"taxonomy":"category","embeddable":true,"href":"https:\/\/levangilealecran.com\/index.php?rest_route=%2Fwp%2Fv2%2Fcategories&post=964"},{"taxonomy":"post_tag","embeddable":true,"href":"https:\/\/levangilealecran.com\/index.php?rest_route=%2Fwp%2Fv2%2Ftags&post=964"}],"curies":[{"name":"wp","href":"https:\/\/api.w.org\/{rel}","templated":true}]}}