{"id":962,"date":"2015-12-10T06:58:58","date_gmt":"2015-12-10T05:58:58","guid":{"rendered":"http:\/\/levangilealecran.com?p=962"},"modified":"2015-12-10T06:58:58","modified_gmt":"2015-12-10T05:58:58","slug":"avent-2015-jour-12","status":"publish","type":"post","link":"https:\/\/levangilealecran.com\/?p=962","title":{"rendered":"Avent 2015 &#8211; Jour 12"},"content":{"rendered":"<p style=\"text-align: justify;\">Depuis les jours de Jean le Baptiste jusqu\u2019\u00e0 pr\u00e9sent, le royaume des Cieux subit la violence, et des violents cherchent \u00e0 s\u2019en emparer. (Mt 11,12)<\/p>\n<p style=\"text-align: justify;\"><strong>&gt; Nous emparer par la violence du \u00ab Royaume de Dieu qui est justice et paix \u00bb (Rm 14,17) ? Oui, car pour ouvrir le chemin du Royaume, comme le Baptiste, il nous faut une r\u00e9elle violence : celle contre nous-m\u00eames, et contre la violence qui nous habite, que nous reversons sur les autres. Ce n\u2019est que par cette pratique non-violente de violence sur nous-m\u00eames que nous pourrons\u00ab guider nos pas sur le chemin de la paix \u00bb (Lc 1,79).<\/strong><\/p>\n","protected":false},"excerpt":{"rendered":"<p>Depuis les jours de Jean le Baptiste jusqu\u2019\u00e0 pr\u00e9sent, le royaume des Cieux subit la violence, et des violents cherchent \u00e0 s\u2019en emparer. (Mt 11,12) &gt; Nous emparer par la violence du \u00ab Royaume de Dieu qui est justice et paix \u00bb (Rm 14,17) ? Oui, car pour ouvrir le chemin du Royaume, comme le Baptiste, il nous faut une r\u00e9elle violence : celle contre nous-m\u00eames, et contre la violence qui nous habite, que nous reversons sur les autres. Ce n\u2019est que par cette pratique non-violente de violence sur nous-m\u00eames que nous pourrons\u00ab guider nos pas sur le chemin de la paix \u00bb (Lc 1,79).<\/p>\n","protected":false},"author":1,"featured_media":0,"comment_status":"open","ping_status":"open","sticky":false,"template":"","format":"standard","meta":{"footnotes":""},"categories":[147],"tags":[475,465,474,19,20],"class_list":["post-962","post","type-post","status-publish","format-standard","hentry","category-avent-2","tag-combat","tag-invites-avent-2015","tag-non-violence","tag-paix","tag-violence"],"_links":{"self":[{"href":"https:\/\/levangilealecran.com\/index.php?rest_route=\/wp\/v2\/posts\/962","targetHints":{"allow":["GET"]}}],"collection":[{"href":"https:\/\/levangilealecran.com\/index.php?rest_route=\/wp\/v2\/posts"}],"about":[{"href":"https:\/\/levangilealecran.com\/index.php?rest_route=\/wp\/v2\/types\/post"}],"author":[{"embeddable":true,"href":"https:\/\/levangilealecran.com\/index.php?rest_route=\/wp\/v2\/users\/1"}],"replies":[{"embeddable":true,"href":"https:\/\/levangilealecran.com\/index.php?rest_route=%2Fwp%2Fv2%2Fcomments&post=962"}],"version-history":[{"count":1,"href":"https:\/\/levangilealecran.com\/index.php?rest_route=\/wp\/v2\/posts\/962\/revisions"}],"predecessor-version":[{"id":963,"href":"https:\/\/levangilealecran.com\/index.php?rest_route=\/wp\/v2\/posts\/962\/revisions\/963"}],"wp:attachment":[{"href":"https:\/\/levangilealecran.com\/index.php?rest_route=%2Fwp%2Fv2%2Fmedia&parent=962"}],"wp:term":[{"taxonomy":"category","embeddable":true,"href":"https:\/\/levangilealecran.com\/index.php?rest_route=%2Fwp%2Fv2%2Fcategories&post=962"},{"taxonomy":"post_tag","embeddable":true,"href":"https:\/\/levangilealecran.com\/index.php?rest_route=%2Fwp%2Fv2%2Ftags&post=962"}],"curies":[{"name":"wp","href":"https:\/\/api.w.org\/{rel}","templated":true}]}}