{"id":958,"date":"2015-12-08T07:04:55","date_gmt":"2015-12-08T06:04:55","guid":{"rendered":"http:\/\/levangilealecran.com?p=958"},"modified":"2015-12-08T07:04:55","modified_gmt":"2015-12-08T06:04:55","slug":"avent-2015-jour-10","status":"publish","type":"post","link":"https:\/\/levangilealecran.com\/?p=958","title":{"rendered":"Avent 2015 &#8211; Jour 10"},"content":{"rendered":"<p style=\"text-align: justify;\">\u201c\u00c0 cette parole, elle fut toute boulevers\u00e9e\u2026\u201c (Lc 1, 29)<\/p>\n<p style=\"text-align: justify;\"><strong>&gt; Chaque jour, nous nous entra\u00eenons \u00e0 guetter les signes du Seigneur\u2026 Mais il faut bien l\u2019admettre\u00a0: quand il vient, le reconnaissons-nous\u00a0?<\/strong><\/p>\n<p style=\"text-align: justify;\"><strong>Veillons \u00e0 purifier notre d\u00e9sir, sans nous soucier de la mani\u00e8re dont il devrait venir nous aimer.<\/strong><\/p>\n<p style=\"text-align: justify;\"><strong>Gardons un c\u0153ur simple et disponible aux merveilles que Dieu-Trinit\u00e9 veut r\u00e9aliser dans nos vies. Alors, nous serons doublement boulevers\u00e9s\u00a0: par sa Parole et par notre audace de le suivre par un \u201coui\u201c sans r\u00e9serve\u00a0!\u00a0<\/strong><\/p>\n","protected":false},"excerpt":{"rendered":"<p>\u201c\u00c0 cette parole, elle fut toute boulevers\u00e9e\u2026\u201c (Lc 1, 29) &gt; Chaque jour, nous nous entra\u00eenons \u00e0 guetter les signes du Seigneur\u2026 Mais il faut bien l\u2019admettre\u00a0: quand il vient, le reconnaissons-nous\u00a0? Veillons \u00e0 purifier notre d\u00e9sir, sans nous soucier de la mani\u00e8re dont il devrait venir nous aimer. Gardons un c\u0153ur simple et disponible aux merveilles que Dieu-Trinit\u00e9 veut r\u00e9aliser dans nos vies. Alors, nous serons doublement boulevers\u00e9s\u00a0: par sa Parole et par notre audace de le suivre par un \u201coui\u201c sans r\u00e9serve\u00a0!\u00a0<\/p>\n","protected":false},"author":1,"featured_media":0,"comment_status":"open","ping_status":"open","sticky":false,"template":"","format":"standard","meta":{"footnotes":""},"categories":[147],"tags":[99,471,465,144,457,279],"class_list":["post-958","post","type-post","status-publish","format-standard","hentry","category-avent-2","tag-appel","tag-bouleversement","tag-invites-avent-2015","tag-oui","tag-reponse","tag-vocation"],"_links":{"self":[{"href":"https:\/\/levangilealecran.com\/index.php?rest_route=\/wp\/v2\/posts\/958","targetHints":{"allow":["GET"]}}],"collection":[{"href":"https:\/\/levangilealecran.com\/index.php?rest_route=\/wp\/v2\/posts"}],"about":[{"href":"https:\/\/levangilealecran.com\/index.php?rest_route=\/wp\/v2\/types\/post"}],"author":[{"embeddable":true,"href":"https:\/\/levangilealecran.com\/index.php?rest_route=\/wp\/v2\/users\/1"}],"replies":[{"embeddable":true,"href":"https:\/\/levangilealecran.com\/index.php?rest_route=%2Fwp%2Fv2%2Fcomments&post=958"}],"version-history":[{"count":1,"href":"https:\/\/levangilealecran.com\/index.php?rest_route=\/wp\/v2\/posts\/958\/revisions"}],"predecessor-version":[{"id":959,"href":"https:\/\/levangilealecran.com\/index.php?rest_route=\/wp\/v2\/posts\/958\/revisions\/959"}],"wp:attachment":[{"href":"https:\/\/levangilealecran.com\/index.php?rest_route=%2Fwp%2Fv2%2Fmedia&parent=958"}],"wp:term":[{"taxonomy":"category","embeddable":true,"href":"https:\/\/levangilealecran.com\/index.php?rest_route=%2Fwp%2Fv2%2Fcategories&post=958"},{"taxonomy":"post_tag","embeddable":true,"href":"https:\/\/levangilealecran.com\/index.php?rest_route=%2Fwp%2Fv2%2Ftags&post=958"}],"curies":[{"name":"wp","href":"https:\/\/api.w.org\/{rel}","templated":true}]}}