{"id":955,"date":"2015-12-07T06:01:53","date_gmt":"2015-12-07T05:01:53","guid":{"rendered":"http:\/\/levangilealecran.com?p=955"},"modified":"2015-12-06T07:02:08","modified_gmt":"2015-12-06T06:02:08","slug":"avent-2015-jour-9","status":"publish","type":"post","link":"https:\/\/levangilealecran.com\/?p=955","title":{"rendered":"Avent 2015 &#8211; Jour 9"},"content":{"rendered":"<p style=\"text-align: justify;\"><span style=\"color: #000000;\">\u00ab Eh bien ! Afin que vous sachiez que le Fils de l\u2019homme\u00a0a autorit\u00e9 sur la terre pour pardonner les p\u00e9ch\u00e9s,\u00a0\u2013 J\u00e9sus s\u2019adressa \u00e0 celui qui \u00e9tait paralys\u00e9 \u2013\u00a0je te le dis, l\u00e8ve-toi, prends ta civi\u00e8re\u00a0et retourne dans ta maison. \u00bb<\/span><\/p>\n<p style=\"text-align: justify;\"><span style=\"color: #000000;\">\u00c0 l\u2019instant m\u00eame, celui-ci se releva devant eux,\u00a0il prit ce qui lui servait de lit\u00a0et s\u2019en alla dans sa maison en rendant gloire \u00e0 Dieu. \u00bb (Luc 5, 24-25)<\/span><\/p>\n<p style=\"text-align: justify;\">\n<p style=\"text-align: justify;\"><strong>&gt; D\u2019accord ! Dieu a le pouvoir de pardonner le p\u00e9ch\u00e9 !<\/strong><\/p>\n<p style=\"text-align: justify;\"><strong>Et souvent, plut\u00f4t que de se r\u00e9jouir de cette libert\u00e9 que Dieu nous offre, on s\u2019enferme dans une cage dor\u00e9e faite de peur et de morale\u2026<\/strong><\/p>\n<p style=\"text-align: justify;\"><strong>Et si, pour marcher vers No\u00ebl, nous laissions cette libert\u00e9 couler en nous et nous \u00ab d\u00e9paralyser \u00bb le c\u0153ur ?<\/strong><\/p>\n","protected":false},"excerpt":{"rendered":"<p>\u00ab Eh bien ! Afin que vous sachiez que le Fils de l\u2019homme\u00a0a autorit\u00e9 sur la terre pour pardonner les p\u00e9ch\u00e9s,\u00a0\u2013 J\u00e9sus s\u2019adressa \u00e0 celui qui \u00e9tait paralys\u00e9 \u2013\u00a0je te le dis, l\u00e8ve-toi, prends ta civi\u00e8re\u00a0et retourne dans ta maison. \u00bb \u00c0 l\u2019instant m\u00eame, celui-ci se releva devant eux,\u00a0il prit ce qui lui servait de lit\u00a0et s\u2019en alla dans sa maison en rendant gloire \u00e0 Dieu. \u00bb (Luc 5, 24-25) &gt; D\u2019accord ! Dieu a le pouvoir de pardonner le p\u00e9ch\u00e9 ! Et souvent, plut\u00f4t que de se r\u00e9jouir de cette libert\u00e9 que Dieu nous offre, on s\u2019enferme dans une cage dor\u00e9e faite de peur et de morale\u2026 Et si, \u2026 <a class=\"continue-reading-link\" href=\"https:\/\/levangilealecran.com\/?p=955\"> Continue reading <span class=\"meta-nav\">&rarr; <\/span><\/a><\/p>\n","protected":false},"author":1,"featured_media":0,"comment_status":"open","ping_status":"open","sticky":false,"template":"","format":"standard","meta":{"footnotes":""},"categories":[147],"tags":[465,141,469,470,162],"class_list":["post-955","post","type-post","status-publish","format-standard","hentry","category-avent-2","tag-invites-avent-2015","tag-liberte","tag-morale","tag-peche","tag-peur"],"_links":{"self":[{"href":"https:\/\/levangilealecran.com\/index.php?rest_route=\/wp\/v2\/posts\/955","targetHints":{"allow":["GET"]}}],"collection":[{"href":"https:\/\/levangilealecran.com\/index.php?rest_route=\/wp\/v2\/posts"}],"about":[{"href":"https:\/\/levangilealecran.com\/index.php?rest_route=\/wp\/v2\/types\/post"}],"author":[{"embeddable":true,"href":"https:\/\/levangilealecran.com\/index.php?rest_route=\/wp\/v2\/users\/1"}],"replies":[{"embeddable":true,"href":"https:\/\/levangilealecran.com\/index.php?rest_route=%2Fwp%2Fv2%2Fcomments&post=955"}],"version-history":[{"count":1,"href":"https:\/\/levangilealecran.com\/index.php?rest_route=\/wp\/v2\/posts\/955\/revisions"}],"predecessor-version":[{"id":956,"href":"https:\/\/levangilealecran.com\/index.php?rest_route=\/wp\/v2\/posts\/955\/revisions\/956"}],"wp:attachment":[{"href":"https:\/\/levangilealecran.com\/index.php?rest_route=%2Fwp%2Fv2%2Fmedia&parent=955"}],"wp:term":[{"taxonomy":"category","embeddable":true,"href":"https:\/\/levangilealecran.com\/index.php?rest_route=%2Fwp%2Fv2%2Fcategories&post=955"},{"taxonomy":"post_tag","embeddable":true,"href":"https:\/\/levangilealecran.com\/index.php?rest_route=%2Fwp%2Fv2%2Ftags&post=955"}],"curies":[{"name":"wp","href":"https:\/\/api.w.org\/{rel}","templated":true}]}}