{"id":953,"date":"2015-12-06T06:56:32","date_gmt":"2015-12-06T05:56:32","guid":{"rendered":"http:\/\/levangilealecran.com?p=953"},"modified":"2015-12-06T06:56:32","modified_gmt":"2015-12-06T05:56:32","slug":"avent-2015-jour-8","status":"publish","type":"post","link":"https:\/\/levangilealecran.com\/?p=953","title":{"rendered":"Avent 2015 &#8211; Jour 8"},"content":{"rendered":"<p style=\"text-align: justify;\">L\u2019an quinze du r\u00e8gne de l\u2019empereur Tib\u00e8re, Ponce Pilate \u00e9tant gouverneur de la Jud\u00e9e, H\u00e9rode \u00e9tant alors au pouvoir en Galil\u00e9e, son fr\u00e8re Philippe dans le pays d\u2019Itur\u00e9e et de Traconitide, Lysanias en Abil\u00e8ne, les grands pr\u00eatres \u00e9tant Hanne et Ca\u00efphe, la parole de Dieu fut adress\u00e9e dans le d\u00e9sert \u00e0 Jean, le fils de Zacharie. (Lc3, 1-2)<\/p>\n<p style=\"text-align: justify;\"><strong>&gt; Loin des feux de l\u2019actualit\u00e9 politique, du show-business, des mondanit\u00e9s et des c\u00e9l\u00e9brit\u00e9s, Dieu nous parle dans le d\u00e9sert\u2026 En ce d\u00e9but d\u2019Avent, sachons faire de la place autour de nous et en nous, pour que nous puissions recevoir la Bonne Nouvelle que Dieu nous adresse ! Sachons prendre un moment de recueillement, de lecture, de silence, de m\u00e9ditation, de pri\u00e8re, de balade dans la nature, de rien\u2026 Alors que le monde se tend, se stresse, s\u2019agite, sachons nous faire silence et repos : Dieu guette notre d\u00e9sert pour y venir chuchoter.<\/strong><\/p>\n","protected":false},"excerpt":{"rendered":"<p>L\u2019an quinze du r\u00e8gne de l\u2019empereur Tib\u00e8re, Ponce Pilate \u00e9tant gouverneur de la Jud\u00e9e, H\u00e9rode \u00e9tant alors au pouvoir en Galil\u00e9e, son fr\u00e8re Philippe dans le pays d\u2019Itur\u00e9e et de Traconitide, Lysanias en Abil\u00e8ne, les grands pr\u00eatres \u00e9tant Hanne et Ca\u00efphe, la parole de Dieu fut adress\u00e9e dans le d\u00e9sert \u00e0 Jean, le fils de Zacharie. (Lc3, 1-2) &gt; Loin des feux de l\u2019actualit\u00e9 politique, du show-business, des mondanit\u00e9s et des c\u00e9l\u00e9brit\u00e9s, Dieu nous parle dans le d\u00e9sert\u2026 En ce d\u00e9but d\u2019Avent, sachons faire de la place autour de nous et en nous, pour que nous puissions recevoir la Bonne Nouvelle que Dieu nous adresse ! Sachons prendre un moment \u2026 <a class=\"continue-reading-link\" href=\"https:\/\/levangilealecran.com\/?p=953\"> Continue reading <span class=\"meta-nav\">&rarr; <\/span><\/a><\/p>\n","protected":false},"author":1,"featured_media":0,"comment_status":"open","ping_status":"open","sticky":false,"template":"","format":"standard","meta":{"footnotes":""},"categories":[147],"tags":[289,465,468,284,189],"class_list":["post-953","post","type-post","status-publish","format-standard","hentry","category-avent-2","tag-desert","tag-invites-avent-2015","tag-people","tag-repos","tag-silence"],"_links":{"self":[{"href":"https:\/\/levangilealecran.com\/index.php?rest_route=\/wp\/v2\/posts\/953","targetHints":{"allow":["GET"]}}],"collection":[{"href":"https:\/\/levangilealecran.com\/index.php?rest_route=\/wp\/v2\/posts"}],"about":[{"href":"https:\/\/levangilealecran.com\/index.php?rest_route=\/wp\/v2\/types\/post"}],"author":[{"embeddable":true,"href":"https:\/\/levangilealecran.com\/index.php?rest_route=\/wp\/v2\/users\/1"}],"replies":[{"embeddable":true,"href":"https:\/\/levangilealecran.com\/index.php?rest_route=%2Fwp%2Fv2%2Fcomments&post=953"}],"version-history":[{"count":1,"href":"https:\/\/levangilealecran.com\/index.php?rest_route=\/wp\/v2\/posts\/953\/revisions"}],"predecessor-version":[{"id":954,"href":"https:\/\/levangilealecran.com\/index.php?rest_route=\/wp\/v2\/posts\/953\/revisions\/954"}],"wp:attachment":[{"href":"https:\/\/levangilealecran.com\/index.php?rest_route=%2Fwp%2Fv2%2Fmedia&parent=953"}],"wp:term":[{"taxonomy":"category","embeddable":true,"href":"https:\/\/levangilealecran.com\/index.php?rest_route=%2Fwp%2Fv2%2Fcategories&post=953"},{"taxonomy":"post_tag","embeddable":true,"href":"https:\/\/levangilealecran.com\/index.php?rest_route=%2Fwp%2Fv2%2Ftags&post=953"}],"curies":[{"name":"wp","href":"https:\/\/api.w.org\/{rel}","templated":true}]}}