{"id":951,"date":"2015-12-05T07:00:51","date_gmt":"2015-12-05T06:00:51","guid":{"rendered":"http:\/\/levangilealecran.com?p=951"},"modified":"2015-12-05T07:00:51","modified_gmt":"2015-12-05T06:00:51","slug":"avent-2015-jour-7","status":"publish","type":"post","link":"https:\/\/levangilealecran.com\/?p=951","title":{"rendered":"Avent 2015 &#8211; Jour 7"},"content":{"rendered":"<p style=\"text-align: justify;\">Alors J\u00e9sus appela ses douze disciples et leur donna le pouvoir d\u2019expulser les esprits impurs et de gu\u00e9rir toute maladie et toute infirmit\u00e9 (Mt 10,1).<\/p>\n<p style=\"text-align: justify;\"><strong>&gt; Comme les ap\u00f4tres, et\u00a0aujourd\u2019hui\u00a0leurs successeurs, voudrons-nous r\u00e9pondre \u00e0 l\u2019appel permanent du\u00a0Christ\u00a0qui s\u2019adresse \u00e0 chacun d\u2019entre nous ? Pour contribuer \u00e0 gu\u00e9rir les maux de notre temps\u00a0: \u00e9go\u00efsme, mal-\u00eatre, indiff\u00e9rence, peur, violence. Prions en ce jour pour tous ceux que le Christ a appel\u00e9 \u00e0 sa suite et qui ont tout quitt\u00e9 comme Simon appel\u00e9 Pierre pour gu\u00e9rir notre humanit\u00e9 bless\u00e9e.<\/strong><\/p>\n","protected":false},"excerpt":{"rendered":"<p>Alors J\u00e9sus appela ses douze disciples et leur donna le pouvoir d\u2019expulser les esprits impurs et de gu\u00e9rir toute maladie et toute infirmit\u00e9 (Mt 10,1). &gt; Comme les ap\u00f4tres, et\u00a0aujourd\u2019hui\u00a0leurs successeurs, voudrons-nous r\u00e9pondre \u00e0 l\u2019appel permanent du\u00a0Christ\u00a0qui s\u2019adresse \u00e0 chacun d\u2019entre nous ? Pour contribuer \u00e0 gu\u00e9rir les maux de notre temps\u00a0: \u00e9go\u00efsme, mal-\u00eatre, indiff\u00e9rence, peur, violence. Prions en ce jour pour tous ceux que le Christ a appel\u00e9 \u00e0 sa suite et qui ont tout quitt\u00e9 comme Simon appel\u00e9 Pierre pour gu\u00e9rir notre humanit\u00e9 bless\u00e9e.<\/p>\n","protected":false},"author":1,"featured_media":0,"comment_status":"open","ping_status":"open","sticky":false,"template":"","format":"standard","meta":{"footnotes":""},"categories":[147],"tags":[153,465,31],"class_list":["post-951","post","type-post","status-publish","format-standard","hentry","category-avent-2","tag-guerison","tag-invites-avent-2015","tag-priere"],"_links":{"self":[{"href":"https:\/\/levangilealecran.com\/index.php?rest_route=\/wp\/v2\/posts\/951","targetHints":{"allow":["GET"]}}],"collection":[{"href":"https:\/\/levangilealecran.com\/index.php?rest_route=\/wp\/v2\/posts"}],"about":[{"href":"https:\/\/levangilealecran.com\/index.php?rest_route=\/wp\/v2\/types\/post"}],"author":[{"embeddable":true,"href":"https:\/\/levangilealecran.com\/index.php?rest_route=\/wp\/v2\/users\/1"}],"replies":[{"embeddable":true,"href":"https:\/\/levangilealecran.com\/index.php?rest_route=%2Fwp%2Fv2%2Fcomments&post=951"}],"version-history":[{"count":1,"href":"https:\/\/levangilealecran.com\/index.php?rest_route=\/wp\/v2\/posts\/951\/revisions"}],"predecessor-version":[{"id":952,"href":"https:\/\/levangilealecran.com\/index.php?rest_route=\/wp\/v2\/posts\/951\/revisions\/952"}],"wp:attachment":[{"href":"https:\/\/levangilealecran.com\/index.php?rest_route=%2Fwp%2Fv2%2Fmedia&parent=951"}],"wp:term":[{"taxonomy":"category","embeddable":true,"href":"https:\/\/levangilealecran.com\/index.php?rest_route=%2Fwp%2Fv2%2Fcategories&post=951"},{"taxonomy":"post_tag","embeddable":true,"href":"https:\/\/levangilealecran.com\/index.php?rest_route=%2Fwp%2Fv2%2Ftags&post=951"}],"curies":[{"name":"wp","href":"https:\/\/api.w.org\/{rel}","templated":true}]}}