{"id":948,"date":"2015-12-04T06:01:11","date_gmt":"2015-12-04T05:01:11","guid":{"rendered":"http:\/\/levangilealecran.com?p=948"},"modified":"2015-12-03T06:52:15","modified_gmt":"2015-12-03T05:52:15","slug":"avent-2015-jour-6","status":"publish","type":"post","link":"https:\/\/levangilealecran.com\/?p=948","title":{"rendered":"Avent 2015 &#8211; Jour 6"},"content":{"rendered":"<p style=\"text-align: justify;\">Tandis que J\u00e9sus s\u2019en allait, deux aveugles le suivirent, en criant : \u00ab Prends piti\u00e9 de nous, fils de David ! \u00bb (\u2026) Alors il leur toucha les yeux, en disant : \u00ab Que tout se passe pour vous selon votre foi ! \u00bb (Mt 9,27 et 29)<\/p>\n<p style=\"text-align: justify;\">\n<p style=\"text-align: justify;\"><strong>&gt; Suivre J\u00e9sus, \u00e0 l\u2019aveugle. Suivre J\u00e9sus en \u00e9tant s\u00fbrs qu\u2019il nous gu\u00e9rira de nos c\u00e9cit\u00e9s ! Quelle folie ? Non, quelle foi ! Et c\u2019est pr\u00e9cis\u00e9ment la foi que Dieu a donn\u00e9e \u00e0 chacun\u2013e d\u2019entre nous qui illumine nos c\u0153urs. Car la foi est lumi\u00e8re et paix de Dieu. Si nous acceptons de la laisser grandir en nous, elle brillera non seulement pour nous mais aussi pour les autres. Notre pri\u00e8re la conservera allum\u00e9e au plus froid de nos nuits.<\/strong><\/p>\n","protected":false},"excerpt":{"rendered":"<p>Tandis que J\u00e9sus s\u2019en allait, deux aveugles le suivirent, en criant : \u00ab Prends piti\u00e9 de nous, fils de David ! \u00bb (\u2026) Alors il leur toucha les yeux, en disant : \u00ab Que tout se passe pour vous selon votre foi ! \u00bb (Mt 9,27 et 29) &gt; Suivre J\u00e9sus, \u00e0 l\u2019aveugle. Suivre J\u00e9sus en \u00e9tant s\u00fbrs qu\u2019il nous gu\u00e9rira de nos c\u00e9cit\u00e9s ! Quelle folie ? Non, quelle foi ! Et c\u2019est pr\u00e9cis\u00e9ment la foi que Dieu a donn\u00e9e \u00e0 chacun\u2013e d\u2019entre nous qui illumine nos c\u0153urs. Car la foi est lumi\u00e8re et paix de Dieu. Si nous acceptons de la laisser grandir en nous, elle brillera non \u2026 <a class=\"continue-reading-link\" href=\"https:\/\/levangilealecran.com\/?p=948\"> Continue reading <span class=\"meta-nav\">&rarr; <\/span><\/a><\/p>\n","protected":false},"author":1,"featured_media":0,"comment_status":"open","ping_status":"open","sticky":false,"template":"","format":"standard","meta":{"footnotes":""},"categories":[147],"tags":[250,76,465,232],"class_list":["post-948","post","type-post","status-publish","format-standard","hentry","category-avent-2","tag-aveugle","tag-foi","tag-invites-avent-2015","tag-suivre"],"_links":{"self":[{"href":"https:\/\/levangilealecran.com\/index.php?rest_route=\/wp\/v2\/posts\/948","targetHints":{"allow":["GET"]}}],"collection":[{"href":"https:\/\/levangilealecran.com\/index.php?rest_route=\/wp\/v2\/posts"}],"about":[{"href":"https:\/\/levangilealecran.com\/index.php?rest_route=\/wp\/v2\/types\/post"}],"author":[{"embeddable":true,"href":"https:\/\/levangilealecran.com\/index.php?rest_route=\/wp\/v2\/users\/1"}],"replies":[{"embeddable":true,"href":"https:\/\/levangilealecran.com\/index.php?rest_route=%2Fwp%2Fv2%2Fcomments&post=948"}],"version-history":[{"count":1,"href":"https:\/\/levangilealecran.com\/index.php?rest_route=\/wp\/v2\/posts\/948\/revisions"}],"predecessor-version":[{"id":949,"href":"https:\/\/levangilealecran.com\/index.php?rest_route=\/wp\/v2\/posts\/948\/revisions\/949"}],"wp:attachment":[{"href":"https:\/\/levangilealecran.com\/index.php?rest_route=%2Fwp%2Fv2%2Fmedia&parent=948"}],"wp:term":[{"taxonomy":"category","embeddable":true,"href":"https:\/\/levangilealecran.com\/index.php?rest_route=%2Fwp%2Fv2%2Fcategories&post=948"},{"taxonomy":"post_tag","embeddable":true,"href":"https:\/\/levangilealecran.com\/index.php?rest_route=%2Fwp%2Fv2%2Ftags&post=948"}],"curies":[{"name":"wp","href":"https:\/\/api.w.org\/{rel}","templated":true}]}}