{"id":946,"date":"2015-12-03T06:46:31","date_gmt":"2015-12-03T05:46:31","guid":{"rendered":"http:\/\/levangilealecran.com?p=946"},"modified":"2015-12-03T06:46:31","modified_gmt":"2015-12-03T05:46:31","slug":"avent-2015-jour-5","status":"publish","type":"post","link":"https:\/\/levangilealecran.com\/?p=946","title":{"rendered":"Avent 2015 &#8211; Jour 5"},"content":{"rendered":"<p style=\"text-align: justify;\">\u00ab Il ne suffit pas de me dire : \u201cSeigneur, Seigneur !\u201d pour entrer dans le Royaume des cieux ; il faut faire la volont\u00e9 de mon P\u00e8re qui est aux cieux. (Mt 7,21)<\/p>\n<p style=\"text-align: justify;\"><strong>&gt; Avez vous remarqu\u00e9 que le Christ commence par affirmer que s&rsquo;adresser \u00e0 lui seul en lui disant Seigneur ne suffit pas ? Car cette reconnaissance verbale est vide si elle n&rsquo;est pas accompagn\u00e9e par une action pratique : faire la volont\u00e9 du P\u00e8re. <\/strong><\/p>\n<p style=\"text-align: justify;\">\n<strong>Ainsi il nous appartient de conjuguer nos propos et nos actions. Autrement dit notre faire devrait \u00eatre la traduction de notre je crois.<\/strong><\/p>\n<p style=\"text-align: justify;\">\n<strong>R\u00e9fl\u00e9chissons d\u00e8s lors dans quelle mesure croyons-nous pouvoir faire ce que nous confessons croire lorsqu&rsquo;il s&rsquo;agit d&rsquo;aimer son prochain? <\/strong><\/p>\n","protected":false},"excerpt":{"rendered":"<p>\u00ab Il ne suffit pas de me dire : \u201cSeigneur, Seigneur !\u201d pour entrer dans le Royaume des cieux ; il faut faire la volont\u00e9 de mon P\u00e8re qui est aux cieux. (Mt 7,21) &gt; Avez vous remarqu\u00e9 que le Christ commence par affirmer que s&rsquo;adresser \u00e0 lui seul en lui disant Seigneur ne suffit pas ? Car cette reconnaissance verbale est vide si elle n&rsquo;est pas accompagn\u00e9e par une action pratique : faire la volont\u00e9 du P\u00e8re. Ainsi il nous appartient de conjuguer nos propos et nos actions. Autrement dit notre faire devrait \u00eatre la traduction de notre je crois. R\u00e9fl\u00e9chissons d\u00e8s lors dans quelle mesure croyons-nous pouvoir faire \u2026 <a class=\"continue-reading-link\" href=\"https:\/\/levangilealecran.com\/?p=946\"> Continue reading <span class=\"meta-nav\">&rarr; <\/span><\/a><\/p>\n","protected":false},"author":1,"featured_media":0,"comment_status":"open","ping_status":"open","sticky":false,"template":"","format":"standard","meta":{"footnotes":""},"categories":[147],"tags":[467,465,433,181,313],"class_list":["post-946","post","type-post","status-publish","format-standard","hentry","category-avent-2","tag-actions","tag-invites-avent-2015","tag-matthieu","tag-oeuvres","tag-prochain"],"_links":{"self":[{"href":"https:\/\/levangilealecran.com\/index.php?rest_route=\/wp\/v2\/posts\/946","targetHints":{"allow":["GET"]}}],"collection":[{"href":"https:\/\/levangilealecran.com\/index.php?rest_route=\/wp\/v2\/posts"}],"about":[{"href":"https:\/\/levangilealecran.com\/index.php?rest_route=\/wp\/v2\/types\/post"}],"author":[{"embeddable":true,"href":"https:\/\/levangilealecran.com\/index.php?rest_route=\/wp\/v2\/users\/1"}],"replies":[{"embeddable":true,"href":"https:\/\/levangilealecran.com\/index.php?rest_route=%2Fwp%2Fv2%2Fcomments&post=946"}],"version-history":[{"count":1,"href":"https:\/\/levangilealecran.com\/index.php?rest_route=\/wp\/v2\/posts\/946\/revisions"}],"predecessor-version":[{"id":947,"href":"https:\/\/levangilealecran.com\/index.php?rest_route=\/wp\/v2\/posts\/946\/revisions\/947"}],"wp:attachment":[{"href":"https:\/\/levangilealecran.com\/index.php?rest_route=%2Fwp%2Fv2%2Fmedia&parent=946"}],"wp:term":[{"taxonomy":"category","embeddable":true,"href":"https:\/\/levangilealecran.com\/index.php?rest_route=%2Fwp%2Fv2%2Fcategories&post=946"},{"taxonomy":"post_tag","embeddable":true,"href":"https:\/\/levangilealecran.com\/index.php?rest_route=%2Fwp%2Fv2%2Ftags&post=946"}],"curies":[{"name":"wp","href":"https:\/\/api.w.org\/{rel}","templated":true}]}}