{"id":944,"date":"2015-12-02T06:28:42","date_gmt":"2015-12-02T05:28:42","guid":{"rendered":"http:\/\/levangilealecran.com?p=944"},"modified":"2015-12-02T06:28:42","modified_gmt":"2015-12-02T05:28:42","slug":"avent-2015-jour-4","status":"publish","type":"post","link":"https:\/\/levangilealecran.com\/?p=944","title":{"rendered":"Avent 2015 &#8211; Jour 4"},"content":{"rendered":"<p style=\"text-align: justify;\">Des gens en grande foule vinrent \u00e0 lui, ayant avec eux des boiteux, des aveugles, des estropi\u00e9s, des muets et bien d\u2019autres encore. Ils les d\u00e9pos\u00e8rent \u00e0 ses pieds et il les gu\u00e9rit. (Mt 15, 30)<\/p>\n<p style=\"text-align: justify;\"><strong>&gt; Les boiteux, les aveugles et les muets ont besoin d\u2019\u00eatre d\u00e9pos\u00e9s par la foule aux pieds de J\u00e9sus. Est-ce par manque de d\u00e9sir de se jeter eux-m\u00eames \u00e0 ses pieds ou simplement parce qu\u2019ils n\u2019en ont pas la force ?<\/strong><\/p>\n<p style=\"text-align: justify;\"><strong>Nous aussi, estropi\u00e9s ab\u00eem\u00e9s par des quotidiens difficiles, nous avons souvent besoin que d\u2019autres nous d\u00e9posent, dans la pri\u00e8re, aux pieds de J\u00e9sus. Et nous aujourd\u2019hui ? Qui d\u00e9posons-nous aux pieds de celui qui gu\u00e9rit ?<\/strong><\/p>\n","protected":false},"excerpt":{"rendered":"<p>Des gens en grande foule vinrent \u00e0 lui, ayant avec eux des boiteux, des aveugles, des estropi\u00e9s, des muets et bien d\u2019autres encore. Ils les d\u00e9pos\u00e8rent \u00e0 ses pieds et il les gu\u00e9rit. (Mt 15, 30) &gt; Les boiteux, les aveugles et les muets ont besoin d\u2019\u00eatre d\u00e9pos\u00e9s par la foule aux pieds de J\u00e9sus. Est-ce par manque de d\u00e9sir de se jeter eux-m\u00eames \u00e0 ses pieds ou simplement parce qu\u2019ils n\u2019en ont pas la force ? Nous aussi, estropi\u00e9s ab\u00eem\u00e9s par des quotidiens difficiles, nous avons souvent besoin que d\u2019autres nous d\u00e9posent, dans la pri\u00e8re, aux pieds de J\u00e9sus. Et nous aujourd\u2019hui ? Qui d\u00e9posons-nous aux pieds de celui \u2026 <a class=\"continue-reading-link\" href=\"https:\/\/levangilealecran.com\/?p=944\"> Continue reading <span class=\"meta-nav\">&rarr; <\/span><\/a><\/p>\n","protected":false},"author":1,"featured_media":0,"comment_status":"open","ping_status":"open","sticky":false,"template":"","format":"standard","meta":{"footnotes":""},"categories":[147],"tags":[153,466,465,433,31],"class_list":["post-944","post","type-post","status-publish","format-standard","hentry","category-avent-2","tag-guerison","tag-intercession","tag-invites-avent-2015","tag-matthieu","tag-priere"],"_links":{"self":[{"href":"https:\/\/levangilealecran.com\/index.php?rest_route=\/wp\/v2\/posts\/944","targetHints":{"allow":["GET"]}}],"collection":[{"href":"https:\/\/levangilealecran.com\/index.php?rest_route=\/wp\/v2\/posts"}],"about":[{"href":"https:\/\/levangilealecran.com\/index.php?rest_route=\/wp\/v2\/types\/post"}],"author":[{"embeddable":true,"href":"https:\/\/levangilealecran.com\/index.php?rest_route=\/wp\/v2\/users\/1"}],"replies":[{"embeddable":true,"href":"https:\/\/levangilealecran.com\/index.php?rest_route=%2Fwp%2Fv2%2Fcomments&post=944"}],"version-history":[{"count":1,"href":"https:\/\/levangilealecran.com\/index.php?rest_route=\/wp\/v2\/posts\/944\/revisions"}],"predecessor-version":[{"id":945,"href":"https:\/\/levangilealecran.com\/index.php?rest_route=\/wp\/v2\/posts\/944\/revisions\/945"}],"wp:attachment":[{"href":"https:\/\/levangilealecran.com\/index.php?rest_route=%2Fwp%2Fv2%2Fmedia&parent=944"}],"wp:term":[{"taxonomy":"category","embeddable":true,"href":"https:\/\/levangilealecran.com\/index.php?rest_route=%2Fwp%2Fv2%2Fcategories&post=944"},{"taxonomy":"post_tag","embeddable":true,"href":"https:\/\/levangilealecran.com\/index.php?rest_route=%2Fwp%2Fv2%2Ftags&post=944"}],"curies":[{"name":"wp","href":"https:\/\/api.w.org\/{rel}","templated":true}]}}