{"id":941,"date":"2015-12-01T06:29:43","date_gmt":"2015-12-01T05:29:43","guid":{"rendered":"http:\/\/levangilealecran.com?p=941"},"modified":"2015-12-01T06:31:31","modified_gmt":"2015-12-01T05:31:31","slug":"avent-2015-jour-2-2","status":"publish","type":"post","link":"https:\/\/levangilealecran.com\/?p=941","title":{"rendered":"Avent 2015 &#8211; Jour 3"},"content":{"rendered":"<p style=\"text-align: justify;\">\u00ab\u00a0A l\u2019heure m\u00eame, J\u00e9sus exulta de joie sous l\u2019action de l\u2019Esprit Saint\u00a0\u00bb (Luc 10,21)<\/p>\n<p style=\"text-align: justify;\"><strong>&gt; J\u00e9sus nous invite \u00e0 la joie. Certes, nous ne cr\u00e9ons pas le bonheur sur commande. Mais qu\u2019est-ce que la joie\u00a0? J\u2019aime bien cette d\u00e9finition\u00a0: la joie est la capacit\u00e9 de s\u2019\u00e9merveiller. N\u2019aurais-je pas, en ce jour, l\u2019occasion de regarder diff\u00e9remment, avec bienveillance, une situation, une r\u00e9alit\u00e9\u00a0? Alors m\u00eame si nous nous sentons tristes, la joie peut entrer en nous.<\/strong><\/p>\n","protected":false},"excerpt":{"rendered":"<p>\u00ab\u00a0A l\u2019heure m\u00eame, J\u00e9sus exulta de joie sous l\u2019action de l\u2019Esprit Saint\u00a0\u00bb (Luc 10,21) &gt; J\u00e9sus nous invite \u00e0 la joie. Certes, nous ne cr\u00e9ons pas le bonheur sur commande. Mais qu\u2019est-ce que la joie\u00a0? J\u2019aime bien cette d\u00e9finition\u00a0: la joie est la capacit\u00e9 de s\u2019\u00e9merveiller. N\u2019aurais-je pas, en ce jour, l\u2019occasion de regarder diff\u00e9remment, avec bienveillance, une situation, une r\u00e9alit\u00e9\u00a0? Alors m\u00eame si nous nous sentons tristes, la joie peut entrer en nous.<\/p>\n","protected":false},"author":1,"featured_media":0,"comment_status":"open","ping_status":"open","sticky":false,"template":"","format":"standard","meta":{"footnotes":""},"categories":[147],"tags":[117,465,75,431],"class_list":["post-941","post","type-post","status-publish","format-standard","hentry","category-avent-2","tag-emerveillement","tag-invites-avent-2015","tag-joie","tag-luc"],"_links":{"self":[{"href":"https:\/\/levangilealecran.com\/index.php?rest_route=\/wp\/v2\/posts\/941","targetHints":{"allow":["GET"]}}],"collection":[{"href":"https:\/\/levangilealecran.com\/index.php?rest_route=\/wp\/v2\/posts"}],"about":[{"href":"https:\/\/levangilealecran.com\/index.php?rest_route=\/wp\/v2\/types\/post"}],"author":[{"embeddable":true,"href":"https:\/\/levangilealecran.com\/index.php?rest_route=\/wp\/v2\/users\/1"}],"replies":[{"embeddable":true,"href":"https:\/\/levangilealecran.com\/index.php?rest_route=%2Fwp%2Fv2%2Fcomments&post=941"}],"version-history":[{"count":2,"href":"https:\/\/levangilealecran.com\/index.php?rest_route=\/wp\/v2\/posts\/941\/revisions"}],"predecessor-version":[{"id":943,"href":"https:\/\/levangilealecran.com\/index.php?rest_route=\/wp\/v2\/posts\/941\/revisions\/943"}],"wp:attachment":[{"href":"https:\/\/levangilealecran.com\/index.php?rest_route=%2Fwp%2Fv2%2Fmedia&parent=941"}],"wp:term":[{"taxonomy":"category","embeddable":true,"href":"https:\/\/levangilealecran.com\/index.php?rest_route=%2Fwp%2Fv2%2Fcategories&post=941"},{"taxonomy":"post_tag","embeddable":true,"href":"https:\/\/levangilealecran.com\/index.php?rest_route=%2Fwp%2Fv2%2Ftags&post=941"}],"curies":[{"name":"wp","href":"https:\/\/api.w.org\/{rel}","templated":true}]}}