{"id":939,"date":"2015-11-30T06:00:05","date_gmt":"2015-11-30T05:00:05","guid":{"rendered":"http:\/\/levangilealecran.com?p=939"},"modified":"2015-11-29T22:37:02","modified_gmt":"2015-11-29T21:37:02","slug":"avent-2015-jour-2","status":"publish","type":"post","link":"https:\/\/levangilealecran.com\/?p=939","title":{"rendered":"Avent 2015 &#8211; Jour 2"},"content":{"rendered":"<p style=\"text-align: justify;\">Comme il marchait le long de la mer de Galil\u00e9e, J\u00e9sus vit deux fr\u00e8res, Simon, appel\u00e9 Pierre, et Andr\u00e9 (\u2026). Il leur dit ; \u00ab Venez \u00e0 ma suite \u00bb. (Mt 4,18a.19)<\/p>\n<p style=\"text-align: justify;\"><strong>&gt; Sommes-nous pr\u00eats comme Pierre et Simon \u00e0 entendre l\u2019appel du Seigneur ? Sommes-nous d\u2019accord de nous laisser d\u00e9ranger dans notre quotidien ?<\/strong><\/p>\n<p style=\"text-align: justify;\"><strong>Le temps de l\u2019Avent, c\u2019est un temps particulier que l\u2019on met de c\u00f4t\u00e9 pour nous pr\u00e9parer \u00e0 la rencontre avec le Seigneur. Le Seigneur n\u2019est pas content\u00e9 de venir une fois pour toutes il y a deux mille ans, il ne cesse de venir \u00e0 notre rencontre. Comme Il est venu appeler Pierre et Andr\u00e9 un matin de p\u00eache, il nous rejoint dans notre quotidien, dans notre vie la plus ordinaire, l\u00e0 o\u00f9 nous vivons et pas seulement dans les moments de ferveur religieuse. A nous donc de le guetter, d\u2019\u00eatre en \u00e9veil pour le rep\u00e9rer ; mais cette venue, comme toute venue, change notre vie. Et si cette ann\u00e9e j\u2019\u00e9tais pr\u00eat, comme Pierre et Andr\u00e9 \u00e0 quitter ma routine pour me mettre r\u00e9solument \u00e0 la suite du Christ, cela voudrait dire quoi concr\u00e8tement ?<\/strong><\/p>\n","protected":false},"excerpt":{"rendered":"<p>Comme il marchait le long de la mer de Galil\u00e9e, J\u00e9sus vit deux fr\u00e8res, Simon, appel\u00e9 Pierre, et Andr\u00e9 (\u2026). Il leur dit ; \u00ab Venez \u00e0 ma suite \u00bb. (Mt 4,18a.19) &gt; Sommes-nous pr\u00eats comme Pierre et Simon \u00e0 entendre l\u2019appel du Seigneur ? Sommes-nous d\u2019accord de nous laisser d\u00e9ranger dans notre quotidien ? Le temps de l\u2019Avent, c\u2019est un temps particulier que l\u2019on met de c\u00f4t\u00e9 pour nous pr\u00e9parer \u00e0 la rencontre avec le Seigneur. Le Seigneur n\u2019est pas content\u00e9 de venir une fois pour toutes il y a deux mille ans, il ne cesse de venir \u00e0 notre rencontre. Comme Il est venu appeler Pierre et Andr\u00e9 \u2026 <a class=\"continue-reading-link\" href=\"https:\/\/levangilealecran.com\/?p=939\"> Continue reading <span class=\"meta-nav\">&rarr; <\/span><\/a><\/p>\n","protected":false},"author":1,"featured_media":0,"comment_status":"open","ping_status":"open","sticky":false,"template":"","format":"standard","meta":{"footnotes":""},"categories":[147],"tags":[18,465,150,279],"class_list":["post-939","post","type-post","status-publish","format-standard","hentry","category-avent-2","tag-avent","tag-invites-avent-2015","tag-veiller","tag-vocation"],"_links":{"self":[{"href":"https:\/\/levangilealecran.com\/index.php?rest_route=\/wp\/v2\/posts\/939","targetHints":{"allow":["GET"]}}],"collection":[{"href":"https:\/\/levangilealecran.com\/index.php?rest_route=\/wp\/v2\/posts"}],"about":[{"href":"https:\/\/levangilealecran.com\/index.php?rest_route=\/wp\/v2\/types\/post"}],"author":[{"embeddable":true,"href":"https:\/\/levangilealecran.com\/index.php?rest_route=\/wp\/v2\/users\/1"}],"replies":[{"embeddable":true,"href":"https:\/\/levangilealecran.com\/index.php?rest_route=%2Fwp%2Fv2%2Fcomments&post=939"}],"version-history":[{"count":1,"href":"https:\/\/levangilealecran.com\/index.php?rest_route=\/wp\/v2\/posts\/939\/revisions"}],"predecessor-version":[{"id":940,"href":"https:\/\/levangilealecran.com\/index.php?rest_route=\/wp\/v2\/posts\/939\/revisions\/940"}],"wp:attachment":[{"href":"https:\/\/levangilealecran.com\/index.php?rest_route=%2Fwp%2Fv2%2Fmedia&parent=939"}],"wp:term":[{"taxonomy":"category","embeddable":true,"href":"https:\/\/levangilealecran.com\/index.php?rest_route=%2Fwp%2Fv2%2Fcategories&post=939"},{"taxonomy":"post_tag","embeddable":true,"href":"https:\/\/levangilealecran.com\/index.php?rest_route=%2Fwp%2Fv2%2Ftags&post=939"}],"curies":[{"name":"wp","href":"https:\/\/api.w.org\/{rel}","templated":true}]}}