{"id":917,"date":"2015-11-20T09:57:17","date_gmt":"2015-11-20T08:57:17","guid":{"rendered":"http:\/\/levangilealecran.com?p=917"},"modified":"2015-11-20T09:57:17","modified_gmt":"2015-11-20T08:57:17","slug":"34e-dimanche-b-christ-roi","status":"publish","type":"post","link":"https:\/\/levangilealecran.com\/?p=917","title":{"rendered":"34e dimanche &#8211; B &#8211; Christ-Roi"},"content":{"rendered":"<p style=\"text-align: justify;\">\u00ab Pilate lui dit : \u00ab\u00a0Alors, tu es roi ? \u00ab\u00a0J\u00e9sus r\u00e9pondit : \u00ab\u00a0C\u2019est toi-m\u00eame qui dis que je suis roi. Moi, je suis n\u00e9, je suis venu dans le monde pour ceci : rendre t\u00e9moignage \u00e0 la v\u00e9rit\u00e9. Quiconque appartient \u00e0 la v\u00e9rit\u00e9 \u00e9coute ma voix. \u00a0\u00bb \u00bb &#8211; Jn 18, 37<\/p>\n<p style=\"text-align: justify;\"><strong>&gt; Au moment de sa Passion, et jamais avant dans l\u2019\u00e9vangile, J\u00e9sus affirme sa royaut\u00e9. C\u2019est une royaut\u00e9 qui n\u2019est pas de ce monde, mais qui est venue d\u2019ailleurs. Cet ailleurs, c\u2019est Dieu, le P\u00e8re, qui a envoy\u00e9 J\u00e9sus dans le monde. Pleinement humain (\u00ab je suis n\u00e9 \u00bb), J\u00e9sus manifeste la venue de Dieu dans le monde. Pour une seule raison : rendre t\u00e9moignage \u00e0 la v\u00e9rit\u00e9, c\u2019est-\u00e0-dire \u00e0 ce qui est fiable, digne de confiance, en d\u00e9finitive, \u00e0 Dieu.<\/strong><\/p>\n<p style=\"text-align: justify;\"><strong>Parfois, il faut descendre tr\u00e8s bas en soi, l\u00e0 o\u00f9 la lumi\u00e8re ne passe plus, dans les profondeurs de nos tristesses, de nos \u00e9checs et de nos souffrances pour y trouver Dieu contre toute attente et d\u00e9couvrir que nous sommes inconditionnellement aim\u00e9s et toujours accompagn\u00e9s.<\/strong><\/p>\n<p style=\"text-align: justify;\"><strong>Cette semaine, il nous est\u00a0propos\u00e9 de r\u00e9fl\u00e9chir \u00e0 une p\u00e9riode de notre\u00a0vie un peu sombre et difficile et de nous\u00a0souvenir comment nous nous\u00a0en sommes\u00a0sortis. Peut-\u00eatre pourrons-nous superposer le nom de Dieu sur ce qui nous\u00a0a fait red\u00e9couvrir la lumi\u00e8re ? Pourquoi ne pas en parler ensuite \u00e0 quelqu\u2019un de notre\u00a0entourage ? Et ainsi, \u00e0 la suite de J\u00e9sus, rendrons-nous t\u00e9moignage \u00e0 la v\u00e9rit\u00e9 et ouvrirons-nous une br\u00e8che d\u2019esp\u00e9rance \u00e0 notre\u00a0interlocuteur en ces temps troubl\u00e9s\u2026<\/strong><\/p>\n","protected":false},"excerpt":{"rendered":"<p>\u00ab Pilate lui dit : \u00ab\u00a0Alors, tu es roi ? \u00ab\u00a0J\u00e9sus r\u00e9pondit : \u00ab\u00a0C\u2019est toi-m\u00eame qui dis que je suis roi. Moi, je suis n\u00e9, je suis venu dans le monde pour ceci : rendre t\u00e9moignage \u00e0 la v\u00e9rit\u00e9. Quiconque appartient \u00e0 la v\u00e9rit\u00e9 \u00e9coute ma voix. \u00a0\u00bb \u00bb &#8211; Jn 18, 37 &gt; Au moment de sa Passion, et jamais avant dans l\u2019\u00e9vangile, J\u00e9sus affirme sa royaut\u00e9. C\u2019est une royaut\u00e9 qui n\u2019est pas de ce monde, mais qui est venue d\u2019ailleurs. Cet ailleurs, c\u2019est Dieu, le P\u00e8re, qui a envoy\u00e9 J\u00e9sus dans le monde. Pleinement humain (\u00ab je suis n\u00e9 \u00bb), J\u00e9sus manifeste la venue de Dieu dans le \u2026 <a class=\"continue-reading-link\" href=\"https:\/\/levangilealecran.com\/?p=917\"> Continue reading <span class=\"meta-nav\">&rarr; <\/span><\/a><\/p>\n","protected":false},"author":1,"featured_media":0,"comment_status":"open","ping_status":"open","sticky":false,"template":"","format":"standard","meta":{"footnotes":""},"categories":[24],"tags":[430,237,463,238,12,464],"class_list":["post-917","post","type-post","status-publish","format-standard","hentry","category-fetes","tag-jean","tag-lumiere","tag-obscurite","tag-temoignage","tag-verite","tag-vraie-royaute"],"_links":{"self":[{"href":"https:\/\/levangilealecran.com\/index.php?rest_route=\/wp\/v2\/posts\/917","targetHints":{"allow":["GET"]}}],"collection":[{"href":"https:\/\/levangilealecran.com\/index.php?rest_route=\/wp\/v2\/posts"}],"about":[{"href":"https:\/\/levangilealecran.com\/index.php?rest_route=\/wp\/v2\/types\/post"}],"author":[{"embeddable":true,"href":"https:\/\/levangilealecran.com\/index.php?rest_route=\/wp\/v2\/users\/1"}],"replies":[{"embeddable":true,"href":"https:\/\/levangilealecran.com\/index.php?rest_route=%2Fwp%2Fv2%2Fcomments&post=917"}],"version-history":[{"count":1,"href":"https:\/\/levangilealecran.com\/index.php?rest_route=\/wp\/v2\/posts\/917\/revisions"}],"predecessor-version":[{"id":918,"href":"https:\/\/levangilealecran.com\/index.php?rest_route=\/wp\/v2\/posts\/917\/revisions\/918"}],"wp:attachment":[{"href":"https:\/\/levangilealecran.com\/index.php?rest_route=%2Fwp%2Fv2%2Fmedia&parent=917"}],"wp:term":[{"taxonomy":"category","embeddable":true,"href":"https:\/\/levangilealecran.com\/index.php?rest_route=%2Fwp%2Fv2%2Fcategories&post=917"},{"taxonomy":"post_tag","embeddable":true,"href":"https:\/\/levangilealecran.com\/index.php?rest_route=%2Fwp%2Fv2%2Ftags&post=917"}],"curies":[{"name":"wp","href":"https:\/\/api.w.org\/{rel}","templated":true}]}}