{"id":913,"date":"2015-11-13T09:02:03","date_gmt":"2015-11-13T08:02:03","guid":{"rendered":"http:\/\/levangilealecran.com?p=913"},"modified":"2015-11-13T09:02:03","modified_gmt":"2015-11-13T08:02:03","slug":"33e-dimanche-b-2","status":"publish","type":"post","link":"https:\/\/levangilealecran.com\/?p=913","title":{"rendered":"33e dimanche &#8211; B"},"content":{"rendered":"<p style=\"text-align: justify;\">\u00ab Alors on verra le Fils de l\u2019homme venir dans les nu\u00e9es avec grande puissance et avec gloire. Il enverra les anges pour rassembler les \u00e9lus des quatre coins du monde, depuis l\u2019extr\u00e9mit\u00e9 de la terre jusqu\u2019\u00e0 l\u2019extr\u00e9mit\u00e9 du ciel\u00bb (Marc 13, 21-22)<\/p>\n<p style=\"text-align: justify;\"><strong>&gt; La fin du monde et la venue du Christ en gloire : qui aujourd\u2019hui l\u2019attend vraiment ? Pourtant il s\u2019agit d\u2019un des \u00e9l\u00e9ments essentiels de la foi chr\u00e9tienne : Dieu s\u2019est fait homme en J\u00e9sus Christ, en signe d\u2019amour, il est mort sur une croix et est ressuscit\u00e9 le 3e jour. Il reviendra dans la gloire pour\u2026 pour quoi d\u00e9j\u00e0 ? pour nous juger ?<\/strong><\/p>\n<p style=\"text-align: justify;\"><strong>Dans le passage du jour, l\u2019\u00e9vang\u00e9liste ne parle pas de jugement ou de ch\u00e2timent, mais d\u2019une action positive du Fils de l\u2019homme : il rassemblera les \u00e9lus des quatre coins du monde (litt\u00e9ralement \u00ab des 4 vents \u00bb, signifiant par l\u00e0 l\u2019universalit\u00e9 de ce rassemblement).<\/strong><\/p>\n<p style=\"text-align: justify;\"><strong>\u00ab Rassembler les \u00e9lus \u00bb : est-ce que cela me concerne ? Le suis-je vraiment, \u00ab \u00e9lu \u00bb ? Loin de Matrix, \u00ab \u00e9lu \u00bb ne signifie pas au-dessus des autres, mais choisi par Dieu. Chacune, chacun, nous sommes choisis par Dieu, appel\u00e9 \u00e0 une vocation de chr\u00e9tien sur terre. Ce qui diff\u00e8re, c\u2019est la r\u00e9ponse \u00e0 cette \u00e9lection : qu\u2019est-ce que je r\u00e9ponds \u00e0 Dieu qui m\u2019a choisi ?<\/strong><\/p>\n<p style=\"text-align: justify;\"><strong>Cette semaine, nous nous\u00a0proposons donc de penser \u00e0 notre\u00a0vocation de chr\u00e9tien. Dieu nous a choisis, quelle a \u00e9t\u00e9, quelle est et quelle sera notre\u00a0r\u00e9ponse \u00e0 Lui donner ? Et surtout, comment celle-ci va influencer notre\u00a0vie, jusqu\u2019\u00e0 son retour ?<\/strong><\/p>\n","protected":false},"excerpt":{"rendered":"<p>\u00ab Alors on verra le Fils de l\u2019homme venir dans les nu\u00e9es avec grande puissance et avec gloire. Il enverra les anges pour rassembler les \u00e9lus des quatre coins du monde, depuis l\u2019extr\u00e9mit\u00e9 de la terre jusqu\u2019\u00e0 l\u2019extr\u00e9mit\u00e9 du ciel\u00bb (Marc 13, 21-22) &gt; La fin du monde et la venue du Christ en gloire : qui aujourd\u2019hui l\u2019attend vraiment ? Pourtant il s\u2019agit d\u2019un des \u00e9l\u00e9ments essentiels de la foi chr\u00e9tienne : Dieu s\u2019est fait homme en J\u00e9sus Christ, en signe d\u2019amour, il est mort sur une croix et est ressuscit\u00e9 le 3e jour. Il reviendra dans la gloire pour\u2026 pour quoi d\u00e9j\u00e0 ? pour nous juger ? Dans \u2026 <a class=\"continue-reading-link\" href=\"https:\/\/levangilealecran.com\/?p=913\"> Continue reading <span class=\"meta-nav\">&rarr; <\/span><\/a><\/p>\n","protected":false},"author":1,"featured_media":0,"comment_status":"open","ping_status":"open","sticky":false,"template":"","format":"standard","meta":{"footnotes":""},"categories":[4,7],"tags":[459,456,432,458,457,279],"class_list":["post-913","post","type-post","status-publish","format-standard","hentry","category-dimanche","category-marc","tag-apocalypse","tag-elus","tag-marc","tag-parousie","tag-reponse","tag-vocation"],"_links":{"self":[{"href":"https:\/\/levangilealecran.com\/index.php?rest_route=\/wp\/v2\/posts\/913","targetHints":{"allow":["GET"]}}],"collection":[{"href":"https:\/\/levangilealecran.com\/index.php?rest_route=\/wp\/v2\/posts"}],"about":[{"href":"https:\/\/levangilealecran.com\/index.php?rest_route=\/wp\/v2\/types\/post"}],"author":[{"embeddable":true,"href":"https:\/\/levangilealecran.com\/index.php?rest_route=\/wp\/v2\/users\/1"}],"replies":[{"embeddable":true,"href":"https:\/\/levangilealecran.com\/index.php?rest_route=%2Fwp%2Fv2%2Fcomments&post=913"}],"version-history":[{"count":1,"href":"https:\/\/levangilealecran.com\/index.php?rest_route=\/wp\/v2\/posts\/913\/revisions"}],"predecessor-version":[{"id":914,"href":"https:\/\/levangilealecran.com\/index.php?rest_route=\/wp\/v2\/posts\/913\/revisions\/914"}],"wp:attachment":[{"href":"https:\/\/levangilealecran.com\/index.php?rest_route=%2Fwp%2Fv2%2Fmedia&parent=913"}],"wp:term":[{"taxonomy":"category","embeddable":true,"href":"https:\/\/levangilealecran.com\/index.php?rest_route=%2Fwp%2Fv2%2Fcategories&post=913"},{"taxonomy":"post_tag","embeddable":true,"href":"https:\/\/levangilealecran.com\/index.php?rest_route=%2Fwp%2Fv2%2Ftags&post=913"}],"curies":[{"name":"wp","href":"https:\/\/api.w.org\/{rel}","templated":true}]}}