{"id":906,"date":"2015-10-23T15:33:35","date_gmt":"2015-10-23T13:33:35","guid":{"rendered":"http:\/\/levangilealecran.com?p=906"},"modified":"2015-10-23T15:33:35","modified_gmt":"2015-10-23T13:33:35","slug":"30e-dimanche-b","status":"publish","type":"post","link":"https:\/\/levangilealecran.com\/?p=906","title":{"rendered":"30e dimanche &#8211; B"},"content":{"rendered":"<p style=\"text-align: justify;\">J\u00e9sus s&rsquo;arr\u00eate et dit : \u00ab\u00a0Appelez-le !\u00a0\u00bb. On appelle donc l&rsquo;aveugle et on lui dit : \u00ab\u00a0Confiance, l\u00e8ve-toi ; il t&rsquo;appelle!\u00a0\u00bb (Mc 10,49)<\/p>\n<p style=\"text-align: justify;\"><strong>&gt; J\u00e9sus n&rsquo;appelle pas directement l&rsquo;aveugle. Il passe par des interm\u00e9diaires, par la foule pr\u00e9sente.<\/strong><\/p>\n<p style=\"text-align: justify;\"><strong>Quel r\u00f4le avons-nous ? Si nous\u00a0nous reconnaissons aveugles, laissons-nous appeler par d&rsquo;autres et bondissons de joie &#8211; comme il le fera &#8211; en courant vers le Seigneur cette semaine, dans l&rsquo;une ou l&rsquo;autre des activit\u00e9s qui nous\u00a0rapprochent de lui.<\/strong><\/p>\n<p style=\"text-align: justify;\"><strong>Si nous\u00a0nous reconnaissons plut\u00f4t dans la foule qui suit J\u00e9sus, et qui n&rsquo;est pas aveugle, alors c&rsquo;est \u00e0 nous\u00a0que J\u00e9sus demande d&rsquo;appeler tel ou tel \u00ab\u00a0aveugle\u00a0\u00bb&#8230; Et si cette semaine nous\u00a0allions trouver quelqu&rsquo;un qui est aveugl\u00e9 au point de ne pas voir J\u00e9sus en chaque visage qu&rsquo;il croise, et que nous\u00a0lui disions nous\u00a0aussi : \u00ab\u00a0Confiance, l\u00e8ve-toi ; il t&rsquo;appelle.\u00a0\u00bb ?<\/strong><\/p>\n","protected":false},"excerpt":{"rendered":"<p>J\u00e9sus s&rsquo;arr\u00eate et dit : \u00ab\u00a0Appelez-le !\u00a0\u00bb. On appelle donc l&rsquo;aveugle et on lui dit : \u00ab\u00a0Confiance, l\u00e8ve-toi ; il t&rsquo;appelle!\u00a0\u00bb (Mc 10,49) &gt; J\u00e9sus n&rsquo;appelle pas directement l&rsquo;aveugle. Il passe par des interm\u00e9diaires, par la foule pr\u00e9sente. Quel r\u00f4le avons-nous ? Si nous\u00a0nous reconnaissons aveugles, laissons-nous appeler par d&rsquo;autres et bondissons de joie &#8211; comme il le fera &#8211; en courant vers le Seigneur cette semaine, dans l&rsquo;une ou l&rsquo;autre des activit\u00e9s qui nous\u00a0rapprochent de lui. Si nous\u00a0nous reconnaissons plut\u00f4t dans la foule qui suit J\u00e9sus, et qui n&rsquo;est pas aveugle, alors c&rsquo;est \u00e0 nous\u00a0que J\u00e9sus demande d&rsquo;appeler tel ou tel \u00ab\u00a0aveugle\u00a0\u00bb&#8230; Et si cette semaine nous\u00a0allions trouver quelqu&rsquo;un \u2026 <a class=\"continue-reading-link\" href=\"https:\/\/levangilealecran.com\/?p=906\"> Continue reading <span class=\"meta-nav\">&rarr; <\/span><\/a><\/p>\n","protected":false},"author":1,"featured_media":0,"comment_status":"open","ping_status":"open","sticky":false,"template":"","format":"standard","meta":{"footnotes":""},"categories":[4,7],"tags":[451,250,26,452,432],"class_list":["post-906","post","type-post","status-publish","format-standard","hentry","category-dimanche","category-marc","tag-appeler","tag-aveugle","tag-confiance","tag-intermediaires","tag-marc"],"_links":{"self":[{"href":"https:\/\/levangilealecran.com\/index.php?rest_route=\/wp\/v2\/posts\/906","targetHints":{"allow":["GET"]}}],"collection":[{"href":"https:\/\/levangilealecran.com\/index.php?rest_route=\/wp\/v2\/posts"}],"about":[{"href":"https:\/\/levangilealecran.com\/index.php?rest_route=\/wp\/v2\/types\/post"}],"author":[{"embeddable":true,"href":"https:\/\/levangilealecran.com\/index.php?rest_route=\/wp\/v2\/users\/1"}],"replies":[{"embeddable":true,"href":"https:\/\/levangilealecran.com\/index.php?rest_route=%2Fwp%2Fv2%2Fcomments&post=906"}],"version-history":[{"count":1,"href":"https:\/\/levangilealecran.com\/index.php?rest_route=\/wp\/v2\/posts\/906\/revisions"}],"predecessor-version":[{"id":907,"href":"https:\/\/levangilealecran.com\/index.php?rest_route=\/wp\/v2\/posts\/906\/revisions\/907"}],"wp:attachment":[{"href":"https:\/\/levangilealecran.com\/index.php?rest_route=%2Fwp%2Fv2%2Fmedia&parent=906"}],"wp:term":[{"taxonomy":"category","embeddable":true,"href":"https:\/\/levangilealecran.com\/index.php?rest_route=%2Fwp%2Fv2%2Fcategories&post=906"},{"taxonomy":"post_tag","embeddable":true,"href":"https:\/\/levangilealecran.com\/index.php?rest_route=%2Fwp%2Fv2%2Ftags&post=906"}],"curies":[{"name":"wp","href":"https:\/\/api.w.org\/{rel}","templated":true}]}}