{"id":896,"date":"2015-09-25T09:14:05","date_gmt":"2015-09-25T07:14:05","guid":{"rendered":"http:\/\/levangilealecran.com?p=896"},"modified":"2015-09-25T09:14:05","modified_gmt":"2015-09-25T07:14:05","slug":"26e-dimanche-b","status":"publish","type":"post","link":"https:\/\/levangilealecran.com\/?p=896","title":{"rendered":"26e dimanche &#8211; B"},"content":{"rendered":"<p style=\"text-align: justify;\"><span style=\"color: #000000;\">\u00ab\u00a0Celui qui est un scandale, une occasion de chute, pour un seul de ces petits qui croient en moi, mieux vaudrait pour lui qu\u2019on lui attache au cou une de ces meules que tournent les \u00e2nes, et qu\u2019on le jette \u00e0 la mer.\u00a0\u00bb (Marc 9,42)<\/span><\/p>\n<p style=\"text-align: justify;\"><span style=\"color: #000000;\"><strong>&gt; J\u00e9sus est violent dans ce verset, cependant il nous montre quelque chose d&rsquo;absolument essentiel, il nous montre \u00e0 quel point nous sommes li\u00e9s et responsables les uns des autres. <\/strong><\/span><\/p>\n<p style=\"text-align: justify;\">\n<span style=\"color: #000000;\"><strong>Tout comme nous sommes responsables de la chute de notre fr\u00e8re si nous l<span class=\"text_exposed_show\">&lsquo;y avons entra\u00een\u00e9, nous sommes responsables de son salut.<\/span><\/strong><\/span><\/p>\n<p style=\"text-align: justify;\"><span style=\"color: #000000;\"><strong><span class=\"text_exposed_show\"><br \/>\nL&rsquo;\u00e9crivain Charles P\u00e9guy se demande dans un tr\u00e8s beau texte ce que dirait le bon Dieu si nous revenions au ciel tout seuls, les uns sans les autres. Si Dieu nous a faits fr\u00e8res et s\u0153urs ce n&rsquo;est pas pour que nous nous occupions chacun de notre bout d&rsquo;\u00e2me de notre c\u00f4t\u00e9 mais que nous cherchions \u00e0 revenir ensemble \u00e0 la maison du P\u00e8re.<\/span><\/strong><\/span><\/p>\n<p style=\"text-align: justify;\">\n<div class=\"text_exposed_show\">\n<p style=\"text-align: justify;\"><span style=\"color: #000000;\"><strong>Cette semaine quand je suis pr\u00e8s de faire une critique injuste, de me disputer avec un ami, d&rsquo;\u00e9crire des commentaires acerbes sur facebook, je peux me demander avant tout non pas si ce que je fais est mal pour moi mais qui je risque d&rsquo;entra\u00eener avec moi: la personne qui participera \u00e0 la critique, l&rsquo;ami qui se disputera avec moi, le commentateur qui rench\u00e9rira, plus virulent encore&#8230; Sachons-nous souvenir que nous sommes gardiens les uns des autres.<\/strong><\/span><\/p>\n<\/div>\n","protected":false},"excerpt":{"rendered":"<p>\u00ab\u00a0Celui qui est un scandale, une occasion de chute, pour un seul de ces petits qui croient en moi, mieux vaudrait pour lui qu\u2019on lui attache au cou une de ces meules que tournent les \u00e2nes, et qu\u2019on le jette \u00e0 la mer.\u00a0\u00bb (Marc 9,42) &gt; J\u00e9sus est violent dans ce verset, cependant il nous montre quelque chose d&rsquo;absolument essentiel, il nous montre \u00e0 quel point nous sommes li\u00e9s et responsables les uns des autres. Tout comme nous sommes responsables de la chute de notre fr\u00e8re si nous l&lsquo;y avons entra\u00een\u00e9, nous sommes responsables de son salut. L&rsquo;\u00e9crivain Charles P\u00e9guy se demande dans un tr\u00e8s beau texte ce que dirait \u2026 <a class=\"continue-reading-link\" href=\"https:\/\/levangilealecran.com\/?p=896\"> Continue reading <span class=\"meta-nav\">&rarr; <\/span><\/a><\/p>\n","protected":false},"author":1,"featured_media":0,"comment_status":"open","ping_status":"open","sticky":false,"template":"","format":"standard","meta":{"footnotes":""},"categories":[4,7],"tags":[406,442,443,352,444],"class_list":["post-896","post","type-post","status-publish","format-standard","hentry","category-dimanche","category-marc","tag-critique","tag-gardiens","tag-peguy","tag-salut","tag-scandale"],"_links":{"self":[{"href":"https:\/\/levangilealecran.com\/index.php?rest_route=\/wp\/v2\/posts\/896","targetHints":{"allow":["GET"]}}],"collection":[{"href":"https:\/\/levangilealecran.com\/index.php?rest_route=\/wp\/v2\/posts"}],"about":[{"href":"https:\/\/levangilealecran.com\/index.php?rest_route=\/wp\/v2\/types\/post"}],"author":[{"embeddable":true,"href":"https:\/\/levangilealecran.com\/index.php?rest_route=\/wp\/v2\/users\/1"}],"replies":[{"embeddable":true,"href":"https:\/\/levangilealecran.com\/index.php?rest_route=%2Fwp%2Fv2%2Fcomments&post=896"}],"version-history":[{"count":1,"href":"https:\/\/levangilealecran.com\/index.php?rest_route=\/wp\/v2\/posts\/896\/revisions"}],"predecessor-version":[{"id":897,"href":"https:\/\/levangilealecran.com\/index.php?rest_route=\/wp\/v2\/posts\/896\/revisions\/897"}],"wp:attachment":[{"href":"https:\/\/levangilealecran.com\/index.php?rest_route=%2Fwp%2Fv2%2Fmedia&parent=896"}],"wp:term":[{"taxonomy":"category","embeddable":true,"href":"https:\/\/levangilealecran.com\/index.php?rest_route=%2Fwp%2Fv2%2Fcategories&post=896"},{"taxonomy":"post_tag","embeddable":true,"href":"https:\/\/levangilealecran.com\/index.php?rest_route=%2Fwp%2Fv2%2Ftags&post=896"}],"curies":[{"name":"wp","href":"https:\/\/api.w.org\/{rel}","templated":true}]}}