{"id":893,"date":"2015-09-18T09:01:50","date_gmt":"2015-09-18T07:01:50","guid":{"rendered":"http:\/\/levangilealecran.com?p=893"},"modified":"2015-09-18T09:01:50","modified_gmt":"2015-09-18T07:01:50","slug":"25e-dimanche-b","status":"publish","type":"post","link":"https:\/\/levangilealecran.com\/?p=893","title":{"rendered":"25e dimanche &#8211; B"},"content":{"rendered":"<p style=\"text-align: justify;\">\u00a0\u00bb Ils (les disciples et J\u00e9sus) all\u00e8rent \u00e0 Capharna\u00fcm. Une fois \u00e0 la maison, J\u00e9sus leur demandait: \u00a0\u00bb De quoi discutiez-vous en chemin ? \u00a0\u00bb Mais ils se taisaient, car, en chemin, ils s&rsquo;\u00e9taient querell\u00e9s pour savoir qui \u00e9tait le plus grand.\u00a0\u00bb (Mc 9, 33-34)<\/p>\n<p style=\"text-align: justify;\">&gt; Dans l\u2019\u00e9vangile de ce dimanche, les disciples se taisent \u00e0 deux reprises. La premi\u00e8re fois, J\u00e9sus commence par leur annoncer sa mort et sa r\u00e9surrection. Mais les disciples se taisent, car ils ne comprennent pas et surtout ils n\u2019osent pas interroger J\u00e9sus. Puis viennent les deux versets cit\u00e9s ci-dessus, o\u00f9 les disciples n\u2019osent pas lui dire qu\u2019ils cherchaient \u00e0 savoir qui \u00e9tait le plus grand. Ils sentent bien qu\u2019ils sont \u00e0 c\u00f4t\u00e9 de la plaque. Mais quelle attitude est-elle le plus \u00e0 c\u00f4t\u00e9 de la plaque: se poser des questions et peut-\u00eatre se tromper ou ne pas comprendre ce qui est en jeu ou ne pas se risquer \u00e0 en parler \u00e0 J\u00e9sus ?<\/p>\n<p style=\"text-align: justify;\">&gt; Si J\u00e9sus s\u2019est incarn\u00e9, c\u2019est bien pour rejoindre chacun de nous dans ce que nous vivons. Alors cette semaine, nous sommes\u00a0invit\u00e9s \u00e0 tout oser dire \u00e0 J\u00e9sus. Tout\u2026 c\u2019est-\u00e0-dire nos joies, nos demandes, mais aussi nos incompr\u00e9hensions, nos r\u00e9voltes\u2026<\/p>\n","protected":false},"excerpt":{"rendered":"<p>\u00a0\u00bb Ils (les disciples et J\u00e9sus) all\u00e8rent \u00e0 Capharna\u00fcm. Une fois \u00e0 la maison, J\u00e9sus leur demandait: \u00a0\u00bb De quoi discutiez-vous en chemin ? \u00a0\u00bb Mais ils se taisaient, car, en chemin, ils s&rsquo;\u00e9taient querell\u00e9s pour savoir qui \u00e9tait le plus grand.\u00a0\u00bb (Mc 9, 33-34) &gt; Dans l\u2019\u00e9vangile de ce dimanche, les disciples se taisent \u00e0 deux reprises. La premi\u00e8re fois, J\u00e9sus commence par leur annoncer sa mort et sa r\u00e9surrection. Mais les disciples se taisent, car ils ne comprennent pas et surtout ils n\u2019osent pas interroger J\u00e9sus. Puis viennent les deux versets cit\u00e9s ci-dessus, o\u00f9 les disciples n\u2019osent pas lui dire qu\u2019ils cherchaient \u00e0 savoir qui \u00e9tait le plus \u2026 <a class=\"continue-reading-link\" href=\"https:\/\/levangilealecran.com\/?p=893\"> Continue reading <span class=\"meta-nav\">&rarr; <\/span><\/a><\/p>\n","protected":false},"author":1,"featured_media":0,"comment_status":"open","ping_status":"open","sticky":false,"template":"","format":"standard","meta":{"footnotes":""},"categories":[4,7],"tags":[432,43,189,441],"class_list":["post-893","post","type-post","status-publish","format-standard","hentry","category-dimanche","category-marc","tag-marc","tag-oser","tag-silence","tag-tout-dire"],"_links":{"self":[{"href":"https:\/\/levangilealecran.com\/index.php?rest_route=\/wp\/v2\/posts\/893","targetHints":{"allow":["GET"]}}],"collection":[{"href":"https:\/\/levangilealecran.com\/index.php?rest_route=\/wp\/v2\/posts"}],"about":[{"href":"https:\/\/levangilealecran.com\/index.php?rest_route=\/wp\/v2\/types\/post"}],"author":[{"embeddable":true,"href":"https:\/\/levangilealecran.com\/index.php?rest_route=\/wp\/v2\/users\/1"}],"replies":[{"embeddable":true,"href":"https:\/\/levangilealecran.com\/index.php?rest_route=%2Fwp%2Fv2%2Fcomments&post=893"}],"version-history":[{"count":1,"href":"https:\/\/levangilealecran.com\/index.php?rest_route=\/wp\/v2\/posts\/893\/revisions"}],"predecessor-version":[{"id":894,"href":"https:\/\/levangilealecran.com\/index.php?rest_route=\/wp\/v2\/posts\/893\/revisions\/894"}],"wp:attachment":[{"href":"https:\/\/levangilealecran.com\/index.php?rest_route=%2Fwp%2Fv2%2Fmedia&parent=893"}],"wp:term":[{"taxonomy":"category","embeddable":true,"href":"https:\/\/levangilealecran.com\/index.php?rest_route=%2Fwp%2Fv2%2Fcategories&post=893"},{"taxonomy":"post_tag","embeddable":true,"href":"https:\/\/levangilealecran.com\/index.php?rest_route=%2Fwp%2Fv2%2Ftags&post=893"}],"curies":[{"name":"wp","href":"https:\/\/api.w.org\/{rel}","templated":true}]}}