{"id":891,"date":"2015-09-11T08:34:50","date_gmt":"2015-09-11T06:34:50","guid":{"rendered":"http:\/\/levangilealecran.com?p=891"},"modified":"2015-09-11T08:34:50","modified_gmt":"2015-09-11T06:34:50","slug":"24e-dimanche-b","status":"publish","type":"post","link":"https:\/\/levangilealecran.com\/?p=891","title":{"rendered":"24e dimanche &#8211; B"},"content":{"rendered":"<p style=\"text-align: justify;\">\u00ab Pour vous, qui suis-je ? \u00bb &#8211; Mc 8, 29<\/p>\n<p style=\"text-align: justify;\"><strong>&gt; C\u2019est la question que J\u00e9sus pose \u00e0 ses disciples, qu\u2019il nous pose \u00e0 nous personnellement. Pour toi, qui est le Christ ? Un proph\u00e8te ? Un rabbin ? Un sage de son temps ? Un pr\u00e9dicateur itin\u00e9rant pr\u00eachant l\u2019amour ? Le Messie annonc\u00e9 et attendu ? Un peu tout \u00e7a \u00e0 la fois ? Comment le d\u00e9couvrir ?<\/strong><\/p>\n<p style=\"text-align: justify;\"><strong>Cette semaine nous nous\u00a0proposons de r\u00e9fl\u00e9chir \u00e0 cette vaste et importante question. Une des pistes \u00e0 prendre est la suivante : qu\u2019est-ce qu\u2019\u00eatre chr\u00e9tien, pour nous\u00a0? Est-ce plut\u00f4t adh\u00e9rer \u00e0 une id\u00e9ologie altruiste et pacifiste en lisant l\u2019\u00e9vangile, ou reconna\u00eetre que la vie a un sens en vivant l\u2019\u00e9vangile ? La pri\u00e8re aide \u00e0 approfondir cette question, \u00e0 affiner notre\u00a0connaissance de J\u00e9sus et \u00e0 approfondir notre\u00a0relation avec lui. Essayons !<\/strong><\/p>\n","protected":false},"excerpt":{"rendered":"<p>\u00ab Pour vous, qui suis-je ? \u00bb &#8211; Mc 8, 29 &gt; C\u2019est la question que J\u00e9sus pose \u00e0 ses disciples, qu\u2019il nous pose \u00e0 nous personnellement. Pour toi, qui est le Christ ? Un proph\u00e8te ? Un rabbin ? Un sage de son temps ? Un pr\u00e9dicateur itin\u00e9rant pr\u00eachant l\u2019amour ? Le Messie annonc\u00e9 et attendu ? Un peu tout \u00e7a \u00e0 la fois ? Comment le d\u00e9couvrir ? Cette semaine nous nous\u00a0proposons de r\u00e9fl\u00e9chir \u00e0 cette vaste et importante question. Une des pistes \u00e0 prendre est la suivante : qu\u2019est-ce qu\u2019\u00eatre chr\u00e9tien, pour nous\u00a0? Est-ce plut\u00f4t adh\u00e9rer \u00e0 une id\u00e9ologie altruiste et pacifiste en lisant l\u2019\u00e9vangile, ou reconna\u00eetre \u2026 <a class=\"continue-reading-link\" href=\"https:\/\/levangilealecran.com\/?p=891\"> Continue reading <span class=\"meta-nav\">&rarr; <\/span><\/a><\/p>\n","protected":false},"author":1,"featured_media":0,"comment_status":"open","ping_status":"open","sticky":false,"template":"","format":"standard","meta":{"footnotes":""},"categories":[4,7],"tags":[120,80,98,440,115],"class_list":["post-891","post","type-post","status-publish","format-standard","hentry","category-dimanche","category-marc","tag-coherence","tag-evangile","tag-identite","tag-qui-suis-je","tag-vivre"],"_links":{"self":[{"href":"https:\/\/levangilealecran.com\/index.php?rest_route=\/wp\/v2\/posts\/891","targetHints":{"allow":["GET"]}}],"collection":[{"href":"https:\/\/levangilealecran.com\/index.php?rest_route=\/wp\/v2\/posts"}],"about":[{"href":"https:\/\/levangilealecran.com\/index.php?rest_route=\/wp\/v2\/types\/post"}],"author":[{"embeddable":true,"href":"https:\/\/levangilealecran.com\/index.php?rest_route=\/wp\/v2\/users\/1"}],"replies":[{"embeddable":true,"href":"https:\/\/levangilealecran.com\/index.php?rest_route=%2Fwp%2Fv2%2Fcomments&post=891"}],"version-history":[{"count":1,"href":"https:\/\/levangilealecran.com\/index.php?rest_route=\/wp\/v2\/posts\/891\/revisions"}],"predecessor-version":[{"id":892,"href":"https:\/\/levangilealecran.com\/index.php?rest_route=\/wp\/v2\/posts\/891\/revisions\/892"}],"wp:attachment":[{"href":"https:\/\/levangilealecran.com\/index.php?rest_route=%2Fwp%2Fv2%2Fmedia&parent=891"}],"wp:term":[{"taxonomy":"category","embeddable":true,"href":"https:\/\/levangilealecran.com\/index.php?rest_route=%2Fwp%2Fv2%2Fcategories&post=891"},{"taxonomy":"post_tag","embeddable":true,"href":"https:\/\/levangilealecran.com\/index.php?rest_route=%2Fwp%2Fv2%2Ftags&post=891"}],"curies":[{"name":"wp","href":"https:\/\/api.w.org\/{rel}","templated":true}]}}