{"id":888,"date":"2015-09-04T08:00:08","date_gmt":"2015-09-04T06:00:08","guid":{"rendered":"http:\/\/levangilealecran.com?p=888"},"modified":"2015-09-03T14:03:19","modified_gmt":"2015-09-03T12:03:19","slug":"23e-dimanche-b","status":"publish","type":"post","link":"https:\/\/levangilealecran.com\/?p=888","title":{"rendered":"23e dimanche &#8211; B"},"content":{"rendered":"<p style=\"text-align: justify;\">\u00ab Des gens am\u00e8nent [\u00e0 J\u00e9sus] un sourd qui avait aussi de la difficult\u00e9 \u00e0 parler, et supplient J\u00e9sus de poser la main sur lui. J\u00e9sus l\u2019emmena \u00e0 l\u2019\u00e9cart, loin de la foule, lui mit les doigts dans les oreilles, et, avec sa salive, lui toucha la langue. Puis, les yeux lev\u00e9s au ciel, il soupira et lui dit : \u00ab Effata ! \u00bb, c\u2019est-\u00e0-dire : \u00ab Ouvre-toi ! \u00bb \u00bb (Marc 7, 32-34)<\/p>\n<p style=\"text-align: justify;\"><strong>&gt; Dans ce r\u00e9cit, J\u00e9sus est confront\u00e9 aux fermetures les plus f\u00e9roces. Les gestes s\u2019accompagnent de la parole, ce qui montre la difficult\u00e9 de venir \u00e0 bout de la fermeture, de la ligature des organes de communication (oreilles, langue). Touch\u00e9 par cette fermeture, J\u00e9sus soupire, comme souffrant avec l\u2019homme sourd, en compassion.<\/strong><\/p>\n<p style=\"text-align: justify;\"><strong>\u00ab Effata, ouvre-toi ! \u00bb Ce r\u00e9cit nous\u00a0invite \u00e0 une lecture symbolique : dans notre\u00a0vie, quand sommes-nous\u00a0tout \u00e0 fait ferm\u00e9s \u00e0 la parole de l\u2019autre, \u00e0 la communication, \u00e0 l\u2019autre ou au tout-Autre ? J\u00e9sus, en compassion avec nous, nous\u00a0dit : \u00ab Effata, ouvre-toi ! \u00bb Ouvrons-nous \u00e0 l\u2019autre, \u00e0 la Parole, \u00e0 Dieu. M\u00eame si cela nous\u00a0semble impossible, ouvre-nous\u00a0aux chemins de r\u00e9conciliation (avec nous-m\u00eames, avec les autres, avec Dieu), aux chemins de gu\u00e9rison. Dans ce qui nous\u00a0semble bouch\u00e9, \u00e0 cause de blessures, de d\u00e9chirures, \u00e0 tout ce qui est ferm\u00e9 en nous, J\u00e9sus dit : \u00ab Effata, ouvre-toi ! \u00bb Par sa puissance de gu\u00e9rison, J\u00e9sus nous\u00a0invite \u00e0 ne pas rester passif : c\u2019est \u00e0 nous\u00a0de nous\u00a0ouvrir, de faire le pas de la confiance et de nous\u00a0abandonner \u00e0 lui. \u00ab Effata, ouvre-toi ! \u00bb Cela d\u00e9pend aussi de nous\u00a0!<\/strong><\/p>\n","protected":false},"excerpt":{"rendered":"<p>\u00ab Des gens am\u00e8nent [\u00e0 J\u00e9sus] un sourd qui avait aussi de la difficult\u00e9 \u00e0 parler, et supplient J\u00e9sus de poser la main sur lui. J\u00e9sus l\u2019emmena \u00e0 l\u2019\u00e9cart, loin de la foule, lui mit les doigts dans les oreilles, et, avec sa salive, lui toucha la langue. Puis, les yeux lev\u00e9s au ciel, il soupira et lui dit : \u00ab Effata ! \u00bb, c\u2019est-\u00e0-dire : \u00ab Ouvre-toi ! \u00bb \u00bb (Marc 7, 32-34) &gt; Dans ce r\u00e9cit, J\u00e9sus est confront\u00e9 aux fermetures les plus f\u00e9roces. Les gestes s\u2019accompagnent de la parole, ce qui montre la difficult\u00e9 de venir \u00e0 bout de la fermeture, de la ligature des organes de \u2026 <a class=\"continue-reading-link\" href=\"https:\/\/levangilealecran.com\/?p=888\"> Continue reading <span class=\"meta-nav\">&rarr; <\/span><\/a><\/p>\n","protected":false},"author":1,"featured_media":0,"comment_status":"open","ping_status":"open","sticky":false,"template":"","format":"standard","meta":{"footnotes":""},"categories":[4,7],"tags":[26,432,118,239,439],"class_list":["post-888","post","type-post","status-publish","format-standard","hentry","category-dimanche","category-marc","tag-confiance","tag-marc","tag-ouverture","tag-reconciliation","tag-sourd"],"_links":{"self":[{"href":"https:\/\/levangilealecran.com\/index.php?rest_route=\/wp\/v2\/posts\/888","targetHints":{"allow":["GET"]}}],"collection":[{"href":"https:\/\/levangilealecran.com\/index.php?rest_route=\/wp\/v2\/posts"}],"about":[{"href":"https:\/\/levangilealecran.com\/index.php?rest_route=\/wp\/v2\/types\/post"}],"author":[{"embeddable":true,"href":"https:\/\/levangilealecran.com\/index.php?rest_route=\/wp\/v2\/users\/1"}],"replies":[{"embeddable":true,"href":"https:\/\/levangilealecran.com\/index.php?rest_route=%2Fwp%2Fv2%2Fcomments&post=888"}],"version-history":[{"count":1,"href":"https:\/\/levangilealecran.com\/index.php?rest_route=\/wp\/v2\/posts\/888\/revisions"}],"predecessor-version":[{"id":889,"href":"https:\/\/levangilealecran.com\/index.php?rest_route=\/wp\/v2\/posts\/888\/revisions\/889"}],"wp:attachment":[{"href":"https:\/\/levangilealecran.com\/index.php?rest_route=%2Fwp%2Fv2%2Fmedia&parent=888"}],"wp:term":[{"taxonomy":"category","embeddable":true,"href":"https:\/\/levangilealecran.com\/index.php?rest_route=%2Fwp%2Fv2%2Fcategories&post=888"},{"taxonomy":"post_tag","embeddable":true,"href":"https:\/\/levangilealecran.com\/index.php?rest_route=%2Fwp%2Fv2%2Ftags&post=888"}],"curies":[{"name":"wp","href":"https:\/\/api.w.org\/{rel}","templated":true}]}}