{"id":880,"date":"2015-08-21T16:34:11","date_gmt":"2015-08-21T14:34:11","guid":{"rendered":"http:\/\/levangilealecran.com?p=880"},"modified":"2015-08-21T16:34:11","modified_gmt":"2015-08-21T14:34:11","slug":"21e-dimanche-b","status":"publish","type":"post","link":"https:\/\/levangilealecran.com\/?p=880","title":{"rendered":"21e dimanche &#8211; B"},"content":{"rendered":"<p style=\"text-align: justify;\">Voil\u00e0 ce que J\u00e9sus a dit, alors qu\u2019il enseignait \u00e0 la synagogue de Capharna\u00fcm. Beaucoup de ses disciples, qui avaient entendu, d\u00e9clar\u00e8rent : \u00ab Cette parole est rude ! Qui peut l\u2019entendre ? \u00bb (Jn 6,59-60)<\/p>\n<p style=\"text-align: justify;\"><strong>&gt; Et nous&#8230; combien de fois nous\u00a0disons-nous \u00ab\u00a0C&rsquo;est rude ! C&rsquo;est dur ! Il n&rsquo;a pas le droit de parler comme \u00e7a ! Cette parole me heurte ! Je suis bless\u00e9 !\u00a0\u00bb&#8230;<\/strong><\/p>\n<p style=\"text-align: justify;\"><strong>Tout comme les paroles de J\u00e9sus ont heurt\u00e9 le peuple, jadis, alors qu&rsquo;elles \u00e9taient bonnes, bien des paroles qui nous heurtent aujourd&rsquo;hui sont en r\u00e9alit\u00e9 de bonnes paroles pour nous. Si nous prenons le temps d&rsquo;y r\u00e9fl\u00e9chir par la suite, nous y remarquons souvent un chemin de lumi\u00e8re, avec le temps.<\/strong><\/p>\n<p style=\"text-align: justify;\"><strong>Alors nous nous\u00a0proposons, cette semaine, de r\u00e9fl\u00e9chir \u00e0 la derni\u00e8re parole qui nous\u00a0a heurt\u00e9-e. Peut-\u00eatre y avait-il un peu de divin cach\u00e9 derri\u00e8re, peut-\u00eatre a-t-elle, aujourd&rsquo;hui, quelque chose \u00e0 nous\u00a0apprendre, cette parole.<\/strong><\/p>\n","protected":false},"excerpt":{"rendered":"<p>Voil\u00e0 ce que J\u00e9sus a dit, alors qu\u2019il enseignait \u00e0 la synagogue de Capharna\u00fcm. Beaucoup de ses disciples, qui avaient entendu, d\u00e9clar\u00e8rent : \u00ab Cette parole est rude ! Qui peut l\u2019entendre ? \u00bb (Jn 6,59-60) &gt; Et nous&#8230; combien de fois nous\u00a0disons-nous \u00ab\u00a0C&rsquo;est rude ! C&rsquo;est dur ! Il n&rsquo;a pas le droit de parler comme \u00e7a ! Cette parole me heurte ! Je suis bless\u00e9 !\u00a0\u00bb&#8230; Tout comme les paroles de J\u00e9sus ont heurt\u00e9 le peuple, jadis, alors qu&rsquo;elles \u00e9taient bonnes, bien des paroles qui nous heurtent aujourd&rsquo;hui sont en r\u00e9alit\u00e9 de bonnes paroles pour nous. Si nous prenons le temps d&rsquo;y r\u00e9fl\u00e9chir par la suite, nous y \u2026 <a class=\"continue-reading-link\" href=\"https:\/\/levangilealecran.com\/?p=880\"> Continue reading <span class=\"meta-nav\">&rarr; <\/span><\/a><\/p>\n","protected":false},"author":1,"featured_media":0,"comment_status":"open","ping_status":"open","sticky":false,"template":"","format":"standard","meta":{"footnotes":""},"categories":[4,5],"tags":[428,427,430,429,39],"class_list":["post-880","post","type-post","status-publish","format-standard","hentry","category-dimanche","category-jean","tag-blesser","tag-heurter","tag-jean","tag-lecon","tag-parole"],"_links":{"self":[{"href":"https:\/\/levangilealecran.com\/index.php?rest_route=\/wp\/v2\/posts\/880","targetHints":{"allow":["GET"]}}],"collection":[{"href":"https:\/\/levangilealecran.com\/index.php?rest_route=\/wp\/v2\/posts"}],"about":[{"href":"https:\/\/levangilealecran.com\/index.php?rest_route=\/wp\/v2\/types\/post"}],"author":[{"embeddable":true,"href":"https:\/\/levangilealecran.com\/index.php?rest_route=\/wp\/v2\/users\/1"}],"replies":[{"embeddable":true,"href":"https:\/\/levangilealecran.com\/index.php?rest_route=%2Fwp%2Fv2%2Fcomments&post=880"}],"version-history":[{"count":1,"href":"https:\/\/levangilealecran.com\/index.php?rest_route=\/wp\/v2\/posts\/880\/revisions"}],"predecessor-version":[{"id":881,"href":"https:\/\/levangilealecran.com\/index.php?rest_route=\/wp\/v2\/posts\/880\/revisions\/881"}],"wp:attachment":[{"href":"https:\/\/levangilealecran.com\/index.php?rest_route=%2Fwp%2Fv2%2Fmedia&parent=880"}],"wp:term":[{"taxonomy":"category","embeddable":true,"href":"https:\/\/levangilealecran.com\/index.php?rest_route=%2Fwp%2Fv2%2Fcategories&post=880"},{"taxonomy":"post_tag","embeddable":true,"href":"https:\/\/levangilealecran.com\/index.php?rest_route=%2Fwp%2Fv2%2Ftags&post=880"}],"curies":[{"name":"wp","href":"https:\/\/api.w.org\/{rel}","templated":true}]}}