{"id":875,"date":"2015-08-07T14:18:16","date_gmt":"2015-08-07T12:18:16","guid":{"rendered":"http:\/\/levangilealecran.com?p=875"},"modified":"2015-08-07T14:18:16","modified_gmt":"2015-08-07T12:18:16","slug":"19e-dimanche-b","status":"publish","type":"post","link":"https:\/\/levangilealecran.com\/?p=875","title":{"rendered":"19e dimanche &#8211; B"},"content":{"rendered":"<p>\u00ab Amen, amen, je vous le dis :\u00a0il a la vie \u00e9ternelle, celui qui croit.\u00a0Moi, je suis le pain de la vie. \u00bb &#8211; Jn 6, 47-48<\/p>\n<p><strong>&gt; J\u00e9sus, dans l\u2019\u00e9vangile de Jean, utilise souvent l\u2019expression \u00ab\u00a0moi, je suis\u2026\u00a0\u00bb. La lumi\u00e8re du monde, le bon berger, la porte, le chemin, la v\u00e9rit\u00e9, la vie, le pain de vie\u2026 Autant d\u2019images pour exprimer qui il est, lui, le Fils de Dieu, envoy\u00e9 par le P\u00e8re. Le pain est le symbole de la nourriture, sans laquelle nous ne pouvons pas vivre. Plus loin, J\u00e9sus explique que les H\u00e9breux ont bien re\u00e7u la manne dans le d\u00e9sert, mais qu\u2019ils sont finalement quand m\u00eame morts. Alors que celui qui mange le pain de vie ne mourra pas, mais aura la vie \u00e9ternelle. Quel programme\u00a0! Quel programme fou, peut-on penser au premier abord\u00a0!<\/strong><\/p>\n<p><strong>Oui, la foi c\u2019est la folie de croire que la mort n\u2019a pas le dernier mot\u00a0!<\/strong><\/p>\n<p><strong>Que nos petites morts (nos \u00e9checs, nos rat\u00e9s, nos maladies, nos deuils, nos regrets, nos s\u00e9parations, notre solitude\u2026) peuvent \u00eatre surmont\u00e9es\u00a0!<\/strong><\/p>\n<p><strong>Qu\u2019en pla\u00e7ant notre confiance dans le Christ, nous sommes capables de nous relever en acceptant la main qu\u2019il nous tend pour nous aider \u00e0 nous remettre en route et de redire \u201coui\u201d \u00e0 la vie !<\/strong><\/p>\n<p><strong>Qu\u2019en mangeant le \u201cpain de vie\u201d, nous sommes assur\u00e9s de ne pas \u00eatre seuls sur le chemin !<\/strong><\/p>\n<p><strong>Oui, la vie \u00e9ternelle, c\u2019est d\u00e9j\u00e0 maintenant ! Si on le veut bien\u2026<\/strong><\/p>\n<p><strong>Au coeur de l\u2019\u00e9t\u00e9, nous vous proposons de discerner \u00e0 quel moment ce pain de vie vous a rassasi\u00e9 et vous a redonn\u00e9 la force de continuer votre route. Si vous vous trouvez actuellement dans une p\u00e9riode un peu sombre, demandez-vous o\u00f9 vous pourriez trouver ce pain de vie et s\u2019il ne vous apporterait pas un tout petit peu de r\u00e9confort, juste le n\u00e9cessaire pour passer une journ\u00e9e paisible.<\/strong><\/p>\n","protected":false},"excerpt":{"rendered":"<p>\u00ab Amen, amen, je vous le dis :\u00a0il a la vie \u00e9ternelle, celui qui croit.\u00a0Moi, je suis le pain de la vie. \u00bb &#8211; Jn 6, 47-48 &gt; J\u00e9sus, dans l\u2019\u00e9vangile de Jean, utilise souvent l\u2019expression \u00ab\u00a0moi, je suis\u2026\u00a0\u00bb. La lumi\u00e8re du monde, le bon berger, la porte, le chemin, la v\u00e9rit\u00e9, la vie, le pain de vie\u2026 Autant d\u2019images pour exprimer qui il est, lui, le Fils de Dieu, envoy\u00e9 par le P\u00e8re. Le pain est le symbole de la nourriture, sans laquelle nous ne pouvons pas vivre. Plus loin, J\u00e9sus explique que les H\u00e9breux ont bien re\u00e7u la manne dans le d\u00e9sert, mais qu\u2019ils sont finalement quand m\u00eame \u2026 <a class=\"continue-reading-link\" href=\"https:\/\/levangilealecran.com\/?p=875\"> Continue reading <span class=\"meta-nav\">&rarr; <\/span><\/a><\/p>\n","protected":false},"author":1,"featured_media":0,"comment_status":"open","ping_status":"open","sticky":false,"template":"","format":"standard","meta":{"footnotes":""},"categories":[4,5],"tags":[53,26,76,430,38,277,52],"class_list":["post-875","post","type-post","status-publish","format-standard","hentry","category-dimanche","category-jean","tag-christ","tag-confiance","tag-foi","tag-jean","tag-jesus","tag-pain-de-vie","tag-vie"],"_links":{"self":[{"href":"https:\/\/levangilealecran.com\/index.php?rest_route=\/wp\/v2\/posts\/875","targetHints":{"allow":["GET"]}}],"collection":[{"href":"https:\/\/levangilealecran.com\/index.php?rest_route=\/wp\/v2\/posts"}],"about":[{"href":"https:\/\/levangilealecran.com\/index.php?rest_route=\/wp\/v2\/types\/post"}],"author":[{"embeddable":true,"href":"https:\/\/levangilealecran.com\/index.php?rest_route=\/wp\/v2\/users\/1"}],"replies":[{"embeddable":true,"href":"https:\/\/levangilealecran.com\/index.php?rest_route=%2Fwp%2Fv2%2Fcomments&post=875"}],"version-history":[{"count":1,"href":"https:\/\/levangilealecran.com\/index.php?rest_route=\/wp\/v2\/posts\/875\/revisions"}],"predecessor-version":[{"id":876,"href":"https:\/\/levangilealecran.com\/index.php?rest_route=\/wp\/v2\/posts\/875\/revisions\/876"}],"wp:attachment":[{"href":"https:\/\/levangilealecran.com\/index.php?rest_route=%2Fwp%2Fv2%2Fmedia&parent=875"}],"wp:term":[{"taxonomy":"category","embeddable":true,"href":"https:\/\/levangilealecran.com\/index.php?rest_route=%2Fwp%2Fv2%2Fcategories&post=875"},{"taxonomy":"post_tag","embeddable":true,"href":"https:\/\/levangilealecran.com\/index.php?rest_route=%2Fwp%2Fv2%2Ftags&post=875"}],"curies":[{"name":"wp","href":"https:\/\/api.w.org\/{rel}","templated":true}]}}