{"id":870,"date":"2015-07-24T17:01:07","date_gmt":"2015-07-24T15:01:07","guid":{"rendered":"http:\/\/levangilealecran.com?p=870"},"modified":"2015-07-24T17:01:07","modified_gmt":"2015-07-24T15:01:07","slug":"17e-dimanche-b","status":"publish","type":"post","link":"https:\/\/levangilealecran.com\/?p=870","title":{"rendered":"17e dimanche &#8211; B"},"content":{"rendered":"<p style=\"text-align: justify;\">\u00c0 la vue du signe que J\u00e9sus avait accompli, les gens disaient : \u00ab C\u2019est vraiment lui le Proph\u00e8te annonc\u00e9, celui qui vient dans le monde. \u00bb (Jean 6,14)<\/p>\n<p style=\"text-align: justify;\"><strong>&gt; Les gens de l&rsquo;\u00e9poque reconnaissent, en J\u00e9sus, le grand proph\u00e8te parce qu&rsquo;il vient de multiplier les pains et les poissons. Sacr\u00e9 signe !<\/strong><\/p>\n<p style=\"text-align: justify;\"><strong>Mais J\u00e9sus se cache derri\u00e8re chaque visage que nous rencontrons. Comme nos yeux sont lents \u00e0 le reconna\u00eetre ! Comme nous sommes exigeants envers Dieu, en lui demandant syst\u00e9matiquement des signes pour prouver sa pr\u00e9sence&#8230;<\/strong><\/p>\n<p style=\"text-align: justify;\"><strong>Cette semaine, essayons\u00a0de prendre REELLEMENT conscience de la pr\u00e9sence de J\u00e9sus en chaque visage que nous\u00a0croiserons. Et chaque soir de cette semaine, nous\u00a0pouvons\u00a0nous\u00a0interroger en repassant les visages de la journ\u00e9e dans notre\u00a0t\u00eate : comment ai-je ouvert les yeux sur la pr\u00e9sence de Dieu dans telle ou telle personne ?<\/strong><\/p>\n","protected":false},"excerpt":{"rendered":"<p>\u00c0 la vue du signe que J\u00e9sus avait accompli, les gens disaient : \u00ab C\u2019est vraiment lui le Proph\u00e8te annonc\u00e9, celui qui vient dans le monde. \u00bb (Jean 6,14) &gt; Les gens de l&rsquo;\u00e9poque reconnaissent, en J\u00e9sus, le grand proph\u00e8te parce qu&rsquo;il vient de multiplier les pains et les poissons. Sacr\u00e9 signe ! Mais J\u00e9sus se cache derri\u00e8re chaque visage que nous rencontrons. Comme nos yeux sont lents \u00e0 le reconna\u00eetre ! Comme nous sommes exigeants envers Dieu, en lui demandant syst\u00e9matiquement des signes pour prouver sa pr\u00e9sence&#8230; Cette semaine, essayons\u00a0de prendre REELLEMENT conscience de la pr\u00e9sence de J\u00e9sus en chaque visage que nous\u00a0croiserons. Et chaque soir de cette semaine, \u2026 <a class=\"continue-reading-link\" href=\"https:\/\/levangilealecran.com\/?p=870\"> Continue reading <span class=\"meta-nav\">&rarr; <\/span><\/a><\/p>\n","protected":false},"author":1,"featured_media":0,"comment_status":"open","ping_status":"open","sticky":false,"template":"","format":"standard","meta":{"footnotes":""},"categories":[4,5],"tags":[430,94,423,190],"class_list":["post-870","post","type-post","status-publish","format-standard","hentry","category-dimanche","category-jean","tag-jean","tag-presence","tag-rencontres","tag-signe"],"_links":{"self":[{"href":"https:\/\/levangilealecran.com\/index.php?rest_route=\/wp\/v2\/posts\/870","targetHints":{"allow":["GET"]}}],"collection":[{"href":"https:\/\/levangilealecran.com\/index.php?rest_route=\/wp\/v2\/posts"}],"about":[{"href":"https:\/\/levangilealecran.com\/index.php?rest_route=\/wp\/v2\/types\/post"}],"author":[{"embeddable":true,"href":"https:\/\/levangilealecran.com\/index.php?rest_route=\/wp\/v2\/users\/1"}],"replies":[{"embeddable":true,"href":"https:\/\/levangilealecran.com\/index.php?rest_route=%2Fwp%2Fv2%2Fcomments&post=870"}],"version-history":[{"count":1,"href":"https:\/\/levangilealecran.com\/index.php?rest_route=\/wp\/v2\/posts\/870\/revisions"}],"predecessor-version":[{"id":871,"href":"https:\/\/levangilealecran.com\/index.php?rest_route=\/wp\/v2\/posts\/870\/revisions\/871"}],"wp:attachment":[{"href":"https:\/\/levangilealecran.com\/index.php?rest_route=%2Fwp%2Fv2%2Fmedia&parent=870"}],"wp:term":[{"taxonomy":"category","embeddable":true,"href":"https:\/\/levangilealecran.com\/index.php?rest_route=%2Fwp%2Fv2%2Fcategories&post=870"},{"taxonomy":"post_tag","embeddable":true,"href":"https:\/\/levangilealecran.com\/index.php?rest_route=%2Fwp%2Fv2%2Ftags&post=870"}],"curies":[{"name":"wp","href":"https:\/\/api.w.org\/{rel}","templated":true}]}}