{"id":867,"date":"2015-07-17T09:04:12","date_gmt":"2015-07-17T07:04:12","guid":{"rendered":"http:\/\/levangilealecran.com?p=867"},"modified":"2015-07-17T09:04:12","modified_gmt":"2015-07-17T07:04:12","slug":"16e-dimanche-b","status":"publish","type":"post","link":"https:\/\/levangilealecran.com\/?p=867","title":{"rendered":"16e dimanche \u2013 B"},"content":{"rendered":"<p style=\"text-align: justify;\">\u00ab\u00a0Venez \u00e0 l&rsquo;\u00e9cart et reposez-vous un peu.\u00a0\u00bb (Mc 6,31)<\/p>\n<p style=\"text-align: justify;\">&gt; Les Ap\u00f4tres ont annonc\u00e9 l&rsquo;Evangile et reviennent \u00e0 J\u00e9sus pour lui en faire part. J\u00e9sus leur demande alors de se mettre \u00e0 l&rsquo;\u00e9cart et de se reposer. En ces temps de vacances pour beaucoup, c&rsquo;est aussi le moment de se mettre \u00e0 l&rsquo;\u00e9cart et de se reposer pour se ressourcer et emp\u00eacher que notre fatigue et nos activit\u00e9s de l&rsquo;ann\u00e9e ne prennent le pas sur notre mission chr\u00e9tienne de l&rsquo;annonce joyeuse de l&rsquo;Evangile.<\/p>\n<p style=\"text-align: justify;\">Pour cette semaine, il nous est propos\u00e9 tout d&rsquo;abord de dormir quand nous le pourrons, mais aussi de prendre un temps de d\u00e9sert pour r\u00e9fl\u00e9chir \u00e0 la fa\u00e7on dont nous avons utilis\u00e9 nos forces au cours de cette ann\u00e9e, aux temps de d\u00e9serts que nous avons pu y trouver, \u00e0 ceux qui nous ont manqu\u00e9.<\/p>\n","protected":false},"excerpt":{"rendered":"<p>\u00ab\u00a0Venez \u00e0 l&rsquo;\u00e9cart et reposez-vous un peu.\u00a0\u00bb (Mc 6,31) &gt; Les Ap\u00f4tres ont annonc\u00e9 l&rsquo;Evangile et reviennent \u00e0 J\u00e9sus pour lui en faire part. J\u00e9sus leur demande alors de se mettre \u00e0 l&rsquo;\u00e9cart et de se reposer. En ces temps de vacances pour beaucoup, c&rsquo;est aussi le moment de se mettre \u00e0 l&rsquo;\u00e9cart et de se reposer pour se ressourcer et emp\u00eacher que notre fatigue et nos activit\u00e9s de l&rsquo;ann\u00e9e ne prennent le pas sur notre mission chr\u00e9tienne de l&rsquo;annonce joyeuse de l&rsquo;Evangile. Pour cette semaine, il nous est propos\u00e9 tout d&rsquo;abord de dormir quand nous le pourrons, mais aussi de prendre un temps de d\u00e9sert pour r\u00e9fl\u00e9chir \u00e0 la \u2026 <a class=\"continue-reading-link\" href=\"https:\/\/levangilealecran.com\/?p=867\"> Continue reading <span class=\"meta-nav\">&rarr; <\/span><\/a><\/p>\n","protected":false},"author":1,"featured_media":0,"comment_status":"open","ping_status":"open","sticky":false,"template":"","format":"standard","meta":{"footnotes":""},"categories":[4,7],"tags":[422],"class_list":["post-867","post","type-post","status-publish","format-standard","hentry","category-dimanche","category-marc","tag-marc-repos-reflexion-personnelle"],"_links":{"self":[{"href":"https:\/\/levangilealecran.com\/index.php?rest_route=\/wp\/v2\/posts\/867","targetHints":{"allow":["GET"]}}],"collection":[{"href":"https:\/\/levangilealecran.com\/index.php?rest_route=\/wp\/v2\/posts"}],"about":[{"href":"https:\/\/levangilealecran.com\/index.php?rest_route=\/wp\/v2\/types\/post"}],"author":[{"embeddable":true,"href":"https:\/\/levangilealecran.com\/index.php?rest_route=\/wp\/v2\/users\/1"}],"replies":[{"embeddable":true,"href":"https:\/\/levangilealecran.com\/index.php?rest_route=%2Fwp%2Fv2%2Fcomments&post=867"}],"version-history":[{"count":1,"href":"https:\/\/levangilealecran.com\/index.php?rest_route=\/wp\/v2\/posts\/867\/revisions"}],"predecessor-version":[{"id":868,"href":"https:\/\/levangilealecran.com\/index.php?rest_route=\/wp\/v2\/posts\/867\/revisions\/868"}],"wp:attachment":[{"href":"https:\/\/levangilealecran.com\/index.php?rest_route=%2Fwp%2Fv2%2Fmedia&parent=867"}],"wp:term":[{"taxonomy":"category","embeddable":true,"href":"https:\/\/levangilealecran.com\/index.php?rest_route=%2Fwp%2Fv2%2Fcategories&post=867"},{"taxonomy":"post_tag","embeddable":true,"href":"https:\/\/levangilealecran.com\/index.php?rest_route=%2Fwp%2Fv2%2Ftags&post=867"}],"curies":[{"name":"wp","href":"https:\/\/api.w.org\/{rel}","templated":true}]}}