{"id":860,"date":"2015-06-26T12:15:19","date_gmt":"2015-06-26T10:15:19","guid":{"rendered":"http:\/\/levangilealecran.com?p=860"},"modified":"2015-06-26T12:15:19","modified_gmt":"2015-06-26T10:15:19","slug":"13e-dimanche-b","status":"publish","type":"post","link":"https:\/\/levangilealecran.com\/?p=860","title":{"rendered":"13e dimanche &#8211; B"},"content":{"rendered":"<p style=\"text-align: justify;\">\u00ab Tandis que J\u00e9sus parlait ainsi, des messagers vinrent de la maison du chef de la synagogue et lui dirent : \u00ab\u00a0Ta fille est morte. Pourquoi d\u00e9ranger encore le Ma\u00eetre ?\u00a0\u00bb Mais J\u00e9sus ne pr\u00eata aucune attention \u00e0 leurs paroles et dit \u00e0 Ja\u00efrus : \u00ab\u00a0N&rsquo;aie pas peur, crois seulement.\u00a0\u00bb \u00bb (Marc 5, 34-35)<\/p>\n<p style=\"text-align: justify;\"><strong>&gt; Devant nos morts, nos deuils, nos angoisses, J\u00e9sus a cette parole si simple, si pure, si puissante : \u00ab N\u2019aie pas peur, crois seulement. \u00bb La puissance de la foi peut faire bouger des montagnes qui semblent infranchissables, peut redonner vie \u00e0 ce qui semblait mort, peut remettre debout m\u00eame la fille de Ja\u00efrus. Garder l\u2019esp\u00e9rance et la confiance. Garder foi dans la Vie. Quoi qu\u2019il arrive.<\/strong><\/p>\n<p style=\"text-align: justify;\"><strong>L\u2019\u00e9t\u00e9, ce temps de vide, de \u00ab vacances \u00bb, arrive et il nous permet de faire le point sur notre vie. Prendre du recul et pour certains, faire nos choix pour l\u2019an \u00e0 venir, pour d\u2019autres d\u00e9m\u00e9nager, pour d\u2019autres encore changer d\u2019orientation ou d\u00e9buter un engagement. Pour d\u2019autres enfin continuer le chemin bon gr\u00e9 mal gr\u00e9, avec ses joies et ses peines. A chacune, \u00e0 chacun, J\u00e9sus r\u00e9p\u00e8te ces mots : \u00ab N\u2019aie pas peur, crois seulement. \u00bb Sa puissance est plus forte que la mort, son esp\u00e9rance plus forte que toutes les st\u00e9rilit\u00e9s, la confiance qui vient de lui plus forte que toutes les peurs.<\/strong><\/p>\n<p style=\"text-align: justify;\"><strong>Cette semaine, il nous est propos\u00e9 de\u00a0r\u00e9fl\u00e9chir \u00e0 nos peurs, pour notre\u00a0vie, \u00e0 nos st\u00e9rilit\u00e9s, \u00e0 nos deuils, \u00e0 nos craintes pour la suite. Et face \u00e0 eux, recevons cette parole d\u2019esp\u00e9rance : \u00ab N\u2019aie pas peur, crois seulement. \u00bb Cette semaine, essayons de nous\u00a0abandonner en Dieu qui, lui seul, peut tout pour nous.<\/strong><\/p>\n","protected":false},"excerpt":{"rendered":"<p>\u00ab Tandis que J\u00e9sus parlait ainsi, des messagers vinrent de la maison du chef de la synagogue et lui dirent : \u00ab\u00a0Ta fille est morte. Pourquoi d\u00e9ranger encore le Ma\u00eetre ?\u00a0\u00bb Mais J\u00e9sus ne pr\u00eata aucune attention \u00e0 leurs paroles et dit \u00e0 Ja\u00efrus : \u00ab\u00a0N&rsquo;aie pas peur, crois seulement.\u00a0\u00bb \u00bb (Marc 5, 34-35) &gt; Devant nos morts, nos deuils, nos angoisses, J\u00e9sus a cette parole si simple, si pure, si puissante : \u00ab N\u2019aie pas peur, crois seulement. \u00bb La puissance de la foi peut faire bouger des montagnes qui semblent infranchissables, peut redonner vie \u00e0 ce qui semblait mort, peut remettre debout m\u00eame la fille de Ja\u00efrus. Garder \u2026 <a class=\"continue-reading-link\" href=\"https:\/\/levangilealecran.com\/?p=860\"> Continue reading <span class=\"meta-nav\">&rarr; <\/span><\/a><\/p>\n","protected":false},"author":1,"featured_media":0,"comment_status":"open","ping_status":"open","sticky":false,"template":"","format":"standard","meta":{"footnotes":""},"categories":[4,7],"tags":[50,282,76,417,162,102],"class_list":["post-860","post","type-post","status-publish","format-standard","hentry","category-dimanche","category-marc","tag-esperance","tag-ete","tag-foi","tag-jairus","tag-peur","tag-vacances"],"_links":{"self":[{"href":"https:\/\/levangilealecran.com\/index.php?rest_route=\/wp\/v2\/posts\/860","targetHints":{"allow":["GET"]}}],"collection":[{"href":"https:\/\/levangilealecran.com\/index.php?rest_route=\/wp\/v2\/posts"}],"about":[{"href":"https:\/\/levangilealecran.com\/index.php?rest_route=\/wp\/v2\/types\/post"}],"author":[{"embeddable":true,"href":"https:\/\/levangilealecran.com\/index.php?rest_route=\/wp\/v2\/users\/1"}],"replies":[{"embeddable":true,"href":"https:\/\/levangilealecran.com\/index.php?rest_route=%2Fwp%2Fv2%2Fcomments&post=860"}],"version-history":[{"count":1,"href":"https:\/\/levangilealecran.com\/index.php?rest_route=\/wp\/v2\/posts\/860\/revisions"}],"predecessor-version":[{"id":861,"href":"https:\/\/levangilealecran.com\/index.php?rest_route=\/wp\/v2\/posts\/860\/revisions\/861"}],"wp:attachment":[{"href":"https:\/\/levangilealecran.com\/index.php?rest_route=%2Fwp%2Fv2%2Fmedia&parent=860"}],"wp:term":[{"taxonomy":"category","embeddable":true,"href":"https:\/\/levangilealecran.com\/index.php?rest_route=%2Fwp%2Fv2%2Fcategories&post=860"},{"taxonomy":"post_tag","embeddable":true,"href":"https:\/\/levangilealecran.com\/index.php?rest_route=%2Fwp%2Fv2%2Ftags&post=860"}],"curies":[{"name":"wp","href":"https:\/\/api.w.org\/{rel}","templated":true}]}}