{"id":852,"date":"2015-06-05T17:49:14","date_gmt":"2015-06-05T15:49:14","guid":{"rendered":"http:\/\/levangilealecran.com?p=852"},"modified":"2015-06-05T17:49:14","modified_gmt":"2015-06-05T15:49:14","slug":"saint-sacrement-fete-dieu","status":"publish","type":"post","link":"https:\/\/levangilealecran.com\/?p=852","title":{"rendered":"Saint Sacrement (F\u00eate-Dieu)"},"content":{"rendered":"<p style=\"text-align: justify;\">Et J\u00e9sus leur dit: \u00a0\u00bb Ceci est mon sang, le sang de l&rsquo;Alliance, vers\u00e9 pour la multitude.\u00a0\u00bb (Mc 14, 24)<\/p>\n<p style=\"text-align: justify;\"><strong>&gt; Le texte de ce dimanche nous parle de l\u2019institution de l\u2019Eucharistie ou de la C\u00e8ne. Celle-ci a lieu le premier jour de la f\u00eate des pains sans levain, qui comm\u00e9more la lib\u00e9ration d\u2019Egypte. Les actions de J\u00e9sus s\u2019inscrivent ainsi dans ce contexte de lib\u00e9ration. Le sang vers\u00e9 du Christ est donc signe de lib\u00e9ration. Et cela non pas seulement pour les disciples de J\u00e9sus ou ses contemporains, mais pour la multitude, pour chaque homme, pour chacun de nous. Dieu fait Alliance avec chacun de nous aujourd\u2019hui et cette alliance est source de lib\u00e9ration.<\/strong><\/p>\n<p style=\"text-align: justify;\"><strong>Nous sommes invit\u00e9s cette semaine \u00e0 r\u00e9fl\u00e9chir \u00e0 cette Alliance lib\u00e9ratrice. Nous sentons-nous\u00a0rejoints par cette Alliance ? Est-elle pour nous\u00a0lib\u00e9ration?<\/strong><\/p>\n","protected":false},"excerpt":{"rendered":"<p>Et J\u00e9sus leur dit: \u00a0\u00bb Ceci est mon sang, le sang de l&rsquo;Alliance, vers\u00e9 pour la multitude.\u00a0\u00bb (Mc 14, 24) &gt; Le texte de ce dimanche nous parle de l\u2019institution de l\u2019Eucharistie ou de la C\u00e8ne. Celle-ci a lieu le premier jour de la f\u00eate des pains sans levain, qui comm\u00e9more la lib\u00e9ration d\u2019Egypte. Les actions de J\u00e9sus s\u2019inscrivent ainsi dans ce contexte de lib\u00e9ration. Le sang vers\u00e9 du Christ est donc signe de lib\u00e9ration. Et cela non pas seulement pour les disciples de J\u00e9sus ou ses contemporains, mais pour la multitude, pour chaque homme, pour chacun de nous. Dieu fait Alliance avec chacun de nous aujourd\u2019hui et cette alliance \u2026 <a class=\"continue-reading-link\" href=\"https:\/\/levangilealecran.com\/?p=852\"> Continue reading <span class=\"meta-nav\">&rarr; <\/span><\/a><\/p>\n","protected":false},"author":1,"featured_media":0,"comment_status":"open","ping_status":"open","sticky":false,"template":"","format":"standard","meta":{"footnotes":""},"categories":[4,24,7],"tags":[409,275,141,90,410],"class_list":["post-852","post","type-post","status-publish","format-standard","hentry","category-dimanche","category-fetes","category-marc","tag-alliance","tag-fete-dieu","tag-liberte","tag-saint-sacrement","tag-sang"],"_links":{"self":[{"href":"https:\/\/levangilealecran.com\/index.php?rest_route=\/wp\/v2\/posts\/852","targetHints":{"allow":["GET"]}}],"collection":[{"href":"https:\/\/levangilealecran.com\/index.php?rest_route=\/wp\/v2\/posts"}],"about":[{"href":"https:\/\/levangilealecran.com\/index.php?rest_route=\/wp\/v2\/types\/post"}],"author":[{"embeddable":true,"href":"https:\/\/levangilealecran.com\/index.php?rest_route=\/wp\/v2\/users\/1"}],"replies":[{"embeddable":true,"href":"https:\/\/levangilealecran.com\/index.php?rest_route=%2Fwp%2Fv2%2Fcomments&post=852"}],"version-history":[{"count":1,"href":"https:\/\/levangilealecran.com\/index.php?rest_route=\/wp\/v2\/posts\/852\/revisions"}],"predecessor-version":[{"id":853,"href":"https:\/\/levangilealecran.com\/index.php?rest_route=\/wp\/v2\/posts\/852\/revisions\/853"}],"wp:attachment":[{"href":"https:\/\/levangilealecran.com\/index.php?rest_route=%2Fwp%2Fv2%2Fmedia&parent=852"}],"wp:term":[{"taxonomy":"category","embeddable":true,"href":"https:\/\/levangilealecran.com\/index.php?rest_route=%2Fwp%2Fv2%2Fcategories&post=852"},{"taxonomy":"post_tag","embeddable":true,"href":"https:\/\/levangilealecran.com\/index.php?rest_route=%2Fwp%2Fv2%2Ftags&post=852"}],"curies":[{"name":"wp","href":"https:\/\/api.w.org\/{rel}","templated":true}]}}