{"id":849,"date":"2015-05-29T16:52:18","date_gmt":"2015-05-29T14:52:18","guid":{"rendered":"http:\/\/levangilealecran.com?p=849"},"modified":"2015-05-29T16:53:16","modified_gmt":"2015-05-29T14:53:16","slug":"9e-dimanche-b","status":"publish","type":"post","link":"https:\/\/levangilealecran.com\/?p=849","title":{"rendered":"9e dimanche &#8211; B (Trinit\u00e9)"},"content":{"rendered":"<p style=\"text-align: justify;\">\u00ab J\u00e9sus s\u2019approcha d\u2019eux et leur adressa ces paroles : \u00a0\u00bb Tout pouvoir m\u2019a \u00e9t\u00e9 donn\u00e9 au ciel et sur la terre. Allez ! De toutes les nations faites des disciples : baptisez-les au nom du P\u00e8re, et du Fils, et du Saint-Esprit, apprenez-leur \u00e0 observer tout ce que je vous ai command\u00e9. Et moi, je suis avec vous tous les jours jusqu\u2019\u00e0 la fin du monde. \u00a0\u00bb \u00bb &#8211; Mt 28, 18-20<\/p>\n<p style=\"text-align: justify;\"><strong>&gt; Commun\u00e9ment appel\u00e9 la \u00ab finale de Matthieu \u00bb, ce passage est familier \u00e0 nos oreilles. Rendons-le d\u00e9sormais familie<span class=\"text_exposed_show\" style=\"color: #000000;\">r \u00e0 notre c\u0153ur en remarquant tout d\u2019abord que J\u00e9sus s\u2019approche des disciples \u2013 et de nous aussi \u2013 pour leur donner ses derni\u00e8res recommandations. Nous voyons ici qu\u2019envoi au-devant des autres et bapt\u00eame sont li\u00e9s, pour le Christ.<\/span><\/strong><\/p>\n<div class=\"text_exposed_show\">\n<p style=\"text-align: justify;\"><span style=\"color: #000000;\"><strong>Plus concr\u00e8tement, qu\u2019est-ce que cela signifie pour nous\u00a0aujourd\u2019hui ? Comment pourrions-nous\u00a0nous\u00a0y prendre pour r\u00e9pondre \u00e0 l\u2019exhortation de J\u00e9sus ? Comment parler de lui dans notre\u00a0cercle familial et amical ? Pas facile, semble-t-il\u2026 Cette semaine pourrait \u00eatre l\u2019occasion d\u2019approcher au moins une personne de notre\u00a0entourage pour lui dire quelle importance a notre\u00a0relation avec J\u00e9sus, ce qu\u2019elle nous apporte au quotidien, comment la foi nous\u00a0a aid\u00e9(e) dans un moment difficile et comment, concr\u00e8tement, c\u2019est-\u00e0-dire eccl\u00e9sialement, nous\u00a0avons remerci\u00e9 Dieu d\u2019\u00eatre \u00e0 nos c\u00f4t\u00e9s et comment nous nous sommes\u00a0engag\u00e9s encore plus fortement dans cette relation (demande du bapt\u00eame, de la confirmation, engagement en cat\u00e9ch\u00e8se dans notre\u00a0paroisse, etc.). Tout en nous\u00a0souvenant qu\u2019Il est toujours \u00e0 nos c\u00f4t\u00e9s, particuli\u00e8rement dans un tel moment de partage et d\u2019ouverture du coeur\u2026 Allons\u00a0!&#8230;<\/strong><\/span><\/p>\n<\/div>\n","protected":false},"excerpt":{"rendered":"<p>\u00ab J\u00e9sus s\u2019approcha d\u2019eux et leur adressa ces paroles : \u00a0\u00bb Tout pouvoir m\u2019a \u00e9t\u00e9 donn\u00e9 au ciel et sur la terre. Allez ! De toutes les nations faites des disciples : baptisez-les au nom du P\u00e8re, et du Fils, et du Saint-Esprit, apprenez-leur \u00e0 observer tout ce que je vous ai command\u00e9. Et moi, je suis avec vous tous les jours jusqu\u2019\u00e0 la fin du monde. \u00a0\u00bb \u00bb &#8211; Mt 28, 18-20 &gt; Commun\u00e9ment appel\u00e9 la \u00ab finale de Matthieu \u00bb, ce passage est familier \u00e0 nos oreilles. Rendons-le d\u00e9sormais familier \u00e0 notre c\u0153ur en remarquant tout d\u2019abord que J\u00e9sus s\u2019approche des disciples \u2013 et de nous aussi \u2013 \u2026 <a class=\"continue-reading-link\" href=\"https:\/\/levangilealecran.com\/?p=849\"> Continue reading <span class=\"meta-nav\">&rarr; <\/span><\/a><\/p>\n","protected":false},"author":1,"featured_media":0,"comment_status":"open","ping_status":"open","sticky":false,"template":"","format":"standard","meta":{"footnotes":""},"categories":[4,8],"tags":[226,105,407,408],"class_list":["post-849","post","type-post","status-publish","format-standard","hentry","category-dimanche","category-matthieu","tag-bapteme","tag-engagement","tag-envoi","tag-finale"],"_links":{"self":[{"href":"https:\/\/levangilealecran.com\/index.php?rest_route=\/wp\/v2\/posts\/849","targetHints":{"allow":["GET"]}}],"collection":[{"href":"https:\/\/levangilealecran.com\/index.php?rest_route=\/wp\/v2\/posts"}],"about":[{"href":"https:\/\/levangilealecran.com\/index.php?rest_route=\/wp\/v2\/types\/post"}],"author":[{"embeddable":true,"href":"https:\/\/levangilealecran.com\/index.php?rest_route=\/wp\/v2\/users\/1"}],"replies":[{"embeddable":true,"href":"https:\/\/levangilealecran.com\/index.php?rest_route=%2Fwp%2Fv2%2Fcomments&post=849"}],"version-history":[{"count":2,"href":"https:\/\/levangilealecran.com\/index.php?rest_route=\/wp\/v2\/posts\/849\/revisions"}],"predecessor-version":[{"id":851,"href":"https:\/\/levangilealecran.com\/index.php?rest_route=\/wp\/v2\/posts\/849\/revisions\/851"}],"wp:attachment":[{"href":"https:\/\/levangilealecran.com\/index.php?rest_route=%2Fwp%2Fv2%2Fmedia&parent=849"}],"wp:term":[{"taxonomy":"category","embeddable":true,"href":"https:\/\/levangilealecran.com\/index.php?rest_route=%2Fwp%2Fv2%2Fcategories&post=849"},{"taxonomy":"post_tag","embeddable":true,"href":"https:\/\/levangilealecran.com\/index.php?rest_route=%2Fwp%2Fv2%2Ftags&post=849"}],"curies":[{"name":"wp","href":"https:\/\/api.w.org\/{rel}","templated":true}]}}