{"id":846,"date":"2015-05-22T16:26:11","date_gmt":"2015-05-22T14:26:11","guid":{"rendered":"http:\/\/levangilealecran.com?p=846"},"modified":"2015-05-22T16:26:11","modified_gmt":"2015-05-22T14:26:11","slug":"dimanche-de-pentecote-b","status":"publish","type":"post","link":"https:\/\/levangilealecran.com\/?p=846","title":{"rendered":"Dimanche de PENTEC\u00d4TE &#8211; B"},"content":{"rendered":"<p style=\"text-align: justify;\">\u00ab\u00a0J\u2019ai encore beaucoup de choses \u00e0 vous dire,<br \/>\nmais pour l\u2019instant vous ne pouvez pas les porter.<br \/>\nQuand il viendra, lui, l\u2019Esprit de v\u00e9rit\u00e9,<br \/>\nil vous conduira dans la v\u00e9rit\u00e9 tout enti\u00e8re.\u00a0\u00bb (Jean 16,12-13)<\/p>\n<p style=\"text-align: justify;\"><strong>&gt; Avant de quitter les siens, le Christ annonce la venue de l\u2019Esprit que nous recevons en ce dimanche de Pentec\u00f4te. Cette annonce permet aux ap\u00f4tres de ne pas c\u00e9der au d\u00e9couragement mais de se r\u00e9jouir de la venue et de l\u2019action de l\u2019Esprit dans la communaut\u00e9 post-pascale. Ainsi, c\u2019est un avenir qui s\u2019ouvre avec cette promesse de l\u2019Esprit Saint, Esprit consolateur, mais aussi Esprit de V\u00e9rit\u00e9.<\/strong><\/p>\n<p style=\"text-align: justify;\"><strong>Car l\u2019Esprit de V\u00e9rit\u00e9 ouvre \u00e0 la V\u00e9rit\u00e9 toute enti\u00e8re, conduit le croyant dans la v\u00e9rit\u00e9, c\u2019est-\u00e0-dire dans la r\u00e9v\u00e9lation de la r\u00e9alit\u00e9 divine en J\u00e9sus Christ. Et pour nous, dans notre\u00a0vie de tous les jours, quelle place faisons-nous \u00e0 l\u2019Esprit Saint ? Comment accueillons-nous cet Esprit de V\u00e9rit\u00e9 dans notre\u00a0pri\u00e8re, nos\u00a0rencontres, notre\u00a0vie ? Accueillir l\u2019Esprit Saint, c\u2019est d\u2019abord une d\u00e9marche de confiance, d\u2019une part, et de discernement, d\u2019autre part. Cette semaine, nous vous\u00a0proposons de vous ouvrir dans la confiance \u00e0 cet Esprit de V\u00e9rit\u00e9 qui \u00e9claire ta vie. Mettons-nous \u00e0 son \u00e9coute. Et osons mettre en pratique ce qu\u2019Il nous dit, qui ouvrira un avenir !<\/strong><\/p>\n","protected":false},"excerpt":{"rendered":"<p>\u00ab\u00a0J\u2019ai encore beaucoup de choses \u00e0 vous dire, mais pour l\u2019instant vous ne pouvez pas les porter. Quand il viendra, lui, l\u2019Esprit de v\u00e9rit\u00e9, il vous conduira dans la v\u00e9rit\u00e9 tout enti\u00e8re.\u00a0\u00bb (Jean 16,12-13) &gt; Avant de quitter les siens, le Christ annonce la venue de l\u2019Esprit que nous recevons en ce dimanche de Pentec\u00f4te. Cette annonce permet aux ap\u00f4tres de ne pas c\u00e9der au d\u00e9couragement mais de se r\u00e9jouir de la venue et de l\u2019action de l\u2019Esprit dans la communaut\u00e9 post-pascale. Ainsi, c\u2019est un avenir qui s\u2019ouvre avec cette promesse de l\u2019Esprit Saint, Esprit consolateur, mais aussi Esprit de V\u00e9rit\u00e9. Car l\u2019Esprit de V\u00e9rit\u00e9 ouvre \u00e0 la V\u00e9rit\u00e9 toute \u2026 <a class=\"continue-reading-link\" href=\"https:\/\/levangilealecran.com\/?p=846\"> Continue reading <span class=\"meta-nav\">&rarr; <\/span><\/a><\/p>\n","protected":false},"author":1,"featured_media":0,"comment_status":"open","ping_status":"open","sticky":false,"template":"","format":"standard","meta":{"footnotes":""},"categories":[4,24,5],"tags":[],"class_list":["post-846","post","type-post","status-publish","format-standard","hentry","category-dimanche","category-fetes","category-jean"],"_links":{"self":[{"href":"https:\/\/levangilealecran.com\/index.php?rest_route=\/wp\/v2\/posts\/846","targetHints":{"allow":["GET"]}}],"collection":[{"href":"https:\/\/levangilealecran.com\/index.php?rest_route=\/wp\/v2\/posts"}],"about":[{"href":"https:\/\/levangilealecran.com\/index.php?rest_route=\/wp\/v2\/types\/post"}],"author":[{"embeddable":true,"href":"https:\/\/levangilealecran.com\/index.php?rest_route=\/wp\/v2\/users\/1"}],"replies":[{"embeddable":true,"href":"https:\/\/levangilealecran.com\/index.php?rest_route=%2Fwp%2Fv2%2Fcomments&post=846"}],"version-history":[{"count":1,"href":"https:\/\/levangilealecran.com\/index.php?rest_route=\/wp\/v2\/posts\/846\/revisions"}],"predecessor-version":[{"id":847,"href":"https:\/\/levangilealecran.com\/index.php?rest_route=\/wp\/v2\/posts\/846\/revisions\/847"}],"wp:attachment":[{"href":"https:\/\/levangilealecran.com\/index.php?rest_route=%2Fwp%2Fv2%2Fmedia&parent=846"}],"wp:term":[{"taxonomy":"category","embeddable":true,"href":"https:\/\/levangilealecran.com\/index.php?rest_route=%2Fwp%2Fv2%2Fcategories&post=846"},{"taxonomy":"post_tag","embeddable":true,"href":"https:\/\/levangilealecran.com\/index.php?rest_route=%2Fwp%2Fv2%2Ftags&post=846"}],"curies":[{"name":"wp","href":"https:\/\/api.w.org\/{rel}","templated":true}]}}