{"id":844,"date":"2015-05-15T15:24:02","date_gmt":"2015-05-15T13:24:02","guid":{"rendered":"http:\/\/levangilealecran.com?p=844"},"modified":"2015-05-15T15:24:02","modified_gmt":"2015-05-15T13:24:02","slug":"7e-dimanche-de-paques-b","status":"publish","type":"post","link":"https:\/\/levangilealecran.com\/?p=844","title":{"rendered":"7e dimanche de P\u00e2ques &#8211; B"},"content":{"rendered":"<p style=\"text-align: justify;\">\u00ab\u00a0P\u00e8re saint,<br \/>\ngarde mes disciples unis dans ton nom,<br \/>\nle nom que tu m\u2019as donn\u00e9,<br \/>\npour qu\u2019ils soient un, comme nous-m\u00eames.\u00a0\u00bb Jean 17,11b<\/p>\n<div class=\"text_exposed_show\">\n<p style=\"text-align: justify;\">&gt; Etre unis dans le nom du Christ, voil\u00e0 un vaste programme. Est-ce que j&rsquo;y pense \u00e0 chaque fois que je critique l&rsquo;autre, simplement parce que sa fa\u00e7on de penser, de faire, d&rsquo;exister ne me revient pas ?<\/p>\n<p style=\"text-align: justify;\">Nous nous proposons, tous, cette semaine, de rester dans l&rsquo;unit\u00e9, de ne pas critiquer ou juger notre\u00a0fr\u00e8re, notre\u00a0soeur en Christ. Cela commence au fond de nos coeurs&#8230; et cela va jusqu&rsquo;aux claviers de nos r\u00e9seaux sociaux.<\/p>\n<p style=\"text-align: justify;\">Pas facile ? C&rsquo;est vrai. Mais si cette petite piste emp\u00eache ne serait-ce qu&rsquo;une seule critique dans les jours qui viennent, nous\u00a0aurons fait ensemble un petit pas de plus vers l&rsquo;unit\u00e9.<\/p>\n<\/div>\n","protected":false},"excerpt":{"rendered":"<p>\u00ab\u00a0P\u00e8re saint, garde mes disciples unis dans ton nom, le nom que tu m\u2019as donn\u00e9, pour qu\u2019ils soient un, comme nous-m\u00eames.\u00a0\u00bb Jean 17,11b &gt; Etre unis dans le nom du Christ, voil\u00e0 un vaste programme. Est-ce que j&rsquo;y pense \u00e0 chaque fois que je critique l&rsquo;autre, simplement parce que sa fa\u00e7on de penser, de faire, d&rsquo;exister ne me revient pas ? Nous nous proposons, tous, cette semaine, de rester dans l&rsquo;unit\u00e9, de ne pas critiquer ou juger notre\u00a0fr\u00e8re, notre\u00a0soeur en Christ. Cela commence au fond de nos coeurs&#8230; et cela va jusqu&rsquo;aux claviers de nos r\u00e9seaux sociaux. Pas facile ? C&rsquo;est vrai. Mais si cette petite piste emp\u00eache ne serait-ce \u2026 <a class=\"continue-reading-link\" href=\"https:\/\/levangilealecran.com\/?p=844\"> Continue reading <span class=\"meta-nav\">&rarr; <\/span><\/a><\/p>\n","protected":false},"author":1,"featured_media":0,"comment_status":"open","ping_status":"open","sticky":false,"template":"","format":"standard","meta":{"footnotes":""},"categories":[4,5,74],"tags":[405,406,430,404,32],"class_list":["post-844","post","type-post","status-publish","format-standard","hentry","category-dimanche","category-jean","category-temps-pascal","tag-bienveillance","tag-critique","tag-jean","tag-un","tag-unite"],"_links":{"self":[{"href":"https:\/\/levangilealecran.com\/index.php?rest_route=\/wp\/v2\/posts\/844","targetHints":{"allow":["GET"]}}],"collection":[{"href":"https:\/\/levangilealecran.com\/index.php?rest_route=\/wp\/v2\/posts"}],"about":[{"href":"https:\/\/levangilealecran.com\/index.php?rest_route=\/wp\/v2\/types\/post"}],"author":[{"embeddable":true,"href":"https:\/\/levangilealecran.com\/index.php?rest_route=\/wp\/v2\/users\/1"}],"replies":[{"embeddable":true,"href":"https:\/\/levangilealecran.com\/index.php?rest_route=%2Fwp%2Fv2%2Fcomments&post=844"}],"version-history":[{"count":1,"href":"https:\/\/levangilealecran.com\/index.php?rest_route=\/wp\/v2\/posts\/844\/revisions"}],"predecessor-version":[{"id":845,"href":"https:\/\/levangilealecran.com\/index.php?rest_route=\/wp\/v2\/posts\/844\/revisions\/845"}],"wp:attachment":[{"href":"https:\/\/levangilealecran.com\/index.php?rest_route=%2Fwp%2Fv2%2Fmedia&parent=844"}],"wp:term":[{"taxonomy":"category","embeddable":true,"href":"https:\/\/levangilealecran.com\/index.php?rest_route=%2Fwp%2Fv2%2Fcategories&post=844"},{"taxonomy":"post_tag","embeddable":true,"href":"https:\/\/levangilealecran.com\/index.php?rest_route=%2Fwp%2Fv2%2Ftags&post=844"}],"curies":[{"name":"wp","href":"https:\/\/api.w.org\/{rel}","templated":true}]}}