{"id":838,"date":"2015-05-01T09:32:34","date_gmt":"2015-05-01T07:32:34","guid":{"rendered":"http:\/\/levangilealecran.com?p=838"},"modified":"2015-05-01T09:32:34","modified_gmt":"2015-05-01T07:32:34","slug":"5e-dimanche-de-paques-b","status":"publish","type":"post","link":"https:\/\/levangilealecran.com\/?p=838","title":{"rendered":"5e dimanche de P\u00e2ques &#8211; B"},"content":{"rendered":"<p style=\"text-align: justify;\">\u00ab Demeurez en moi comme je demeure en vous! De m\u00eame que le sarment, s&rsquo;il ne demeure sur la vigne, ne peut de lui-m\u00eame porter du fruit, ainsi vous non plus si vous ne demeurez en moi. \u00bb (Jn 15, 4)<\/p>\n<p style=\"text-align: justify;\"><strong>&gt; Une fois n\u2019est pas coutume, l\u2019image de la vigne est prise pour nous parler de Dieu et de sa relation aux hommes. Il est question ici de notre relation \u00e0 J\u00e9sus Christ. J\u00e9sus se d\u00e9finit comme la vigne et nous sommes les sarments. Le tronc de la vigne, c\u2019est ce qui porte les sarments, ce qui les relie entre eux et avec la terre. C\u2019est par ce tronc que les sarments re\u00e7oivent \u00e9galement l\u2019eau n\u00e9cessaire. J\u00e9sus est ainsi celui qui est au c\u0153ur de notre existence, \u00e0 sa base. Il est celui sur qui nous enraciner, pour tenir debout, pour nous ouvrir aux autres, pour r\u00e9sister aux temp\u00eates\u2026 mais surtout il est celui sur qui s\u2019enraciner pour porter du fruit !<\/strong><\/p>\n<p style=\"text-align: justify;\"><strong>&gt; Il nous est\u00a0propos\u00e9 de prendre le temps cette semaine de demeurer en J\u00e9sus-Christ. C\u2019est-\u00e0-dire de prendre des temps avec lui, notamment \u00e0 travers sa Parole (qui est mentionn\u00e9e en amont du verset propos\u00e9), pour toujours plus nous\u00a0enraciner en lui !<\/strong><\/p>\n","protected":false},"excerpt":{"rendered":"<p>\u00ab Demeurez en moi comme je demeure en vous! De m\u00eame que le sarment, s&rsquo;il ne demeure sur la vigne, ne peut de lui-m\u00eame porter du fruit, ainsi vous non plus si vous ne demeurez en moi. \u00bb (Jn 15, 4) &gt; Une fois n\u2019est pas coutume, l\u2019image de la vigne est prise pour nous parler de Dieu et de sa relation aux hommes. Il est question ici de notre relation \u00e0 J\u00e9sus Christ. J\u00e9sus se d\u00e9finit comme la vigne et nous sommes les sarments. Le tronc de la vigne, c\u2019est ce qui porte les sarments, ce qui les relie entre eux et avec la terre. C\u2019est par ce tronc \u2026 <a class=\"continue-reading-link\" href=\"https:\/\/levangilealecran.com\/?p=838\"> Continue reading <span class=\"meta-nav\">&rarr; <\/span><\/a><\/p>\n","protected":false},"author":1,"featured_media":0,"comment_status":"open","ping_status":"open","sticky":false,"template":"","format":"standard","meta":{"footnotes":""},"categories":[4,5,74],"tags":[],"class_list":["post-838","post","type-post","status-publish","format-standard","hentry","category-dimanche","category-jean","category-temps-pascal"],"_links":{"self":[{"href":"https:\/\/levangilealecran.com\/index.php?rest_route=\/wp\/v2\/posts\/838","targetHints":{"allow":["GET"]}}],"collection":[{"href":"https:\/\/levangilealecran.com\/index.php?rest_route=\/wp\/v2\/posts"}],"about":[{"href":"https:\/\/levangilealecran.com\/index.php?rest_route=\/wp\/v2\/types\/post"}],"author":[{"embeddable":true,"href":"https:\/\/levangilealecran.com\/index.php?rest_route=\/wp\/v2\/users\/1"}],"replies":[{"embeddable":true,"href":"https:\/\/levangilealecran.com\/index.php?rest_route=%2Fwp%2Fv2%2Fcomments&post=838"}],"version-history":[{"count":1,"href":"https:\/\/levangilealecran.com\/index.php?rest_route=\/wp\/v2\/posts\/838\/revisions"}],"predecessor-version":[{"id":839,"href":"https:\/\/levangilealecran.com\/index.php?rest_route=\/wp\/v2\/posts\/838\/revisions\/839"}],"wp:attachment":[{"href":"https:\/\/levangilealecran.com\/index.php?rest_route=%2Fwp%2Fv2%2Fmedia&parent=838"}],"wp:term":[{"taxonomy":"category","embeddable":true,"href":"https:\/\/levangilealecran.com\/index.php?rest_route=%2Fwp%2Fv2%2Fcategories&post=838"},{"taxonomy":"post_tag","embeddable":true,"href":"https:\/\/levangilealecran.com\/index.php?rest_route=%2Fwp%2Fv2%2Ftags&post=838"}],"curies":[{"name":"wp","href":"https:\/\/api.w.org\/{rel}","templated":true}]}}