{"id":831,"date":"2015-04-13T09:04:38","date_gmt":"2015-04-13T07:04:38","guid":{"rendered":"http:\/\/levangilealecran.com?p=831"},"modified":"2015-04-13T09:04:38","modified_gmt":"2015-04-13T07:04:38","slug":"2e-dimanche-de-paques-b","status":"publish","type":"post","link":"https:\/\/levangilealecran.com\/?p=831","title":{"rendered":"2e dimanche de P\u00e2ques &#8211; B"},"content":{"rendered":"<p style=\"text-align: justify;\">Alors Thomas dit \u00e0 J\u00e9sus : \u00ab Mon Seigneur et mon Dieu ! \u00bb (Jn 20,28)<\/p>\n<p style=\"text-align: justify;\"><strong>&gt; Thomas a enfin ouvert les yeux, reconnu le Christ, il a cess\u00e9 d&rsquo;\u00eatre incr\u00e9dule et est devenu croyant.<\/strong><\/p>\n<p style=\"text-align: justify;\"><strong>Et nous, cette semaine, admettrons-nous que Dieu se trouve bien souvent l\u00e0 o\u00f9 nous\u00a0ne l&rsquo;attendions pas, l\u00e0 o\u00f9 nous\u00a0n&rsquo;y aurions jamais cru ? Ces prochains jours, en qui reconna\u00eetrons-nous\u00a0notre Seigneur et notre\u00a0Dieu ? Derri\u00e8re quel visage ? Derri\u00e8re quelle rencontre ? Derri\u00e8re quel \u00e9v\u00e9nement ?<\/strong><\/p>\n","protected":false},"excerpt":{"rendered":"<p>Alors Thomas dit \u00e0 J\u00e9sus : \u00ab Mon Seigneur et mon Dieu ! \u00bb (Jn 20,28) &gt; Thomas a enfin ouvert les yeux, reconnu le Christ, il a cess\u00e9 d&rsquo;\u00eatre incr\u00e9dule et est devenu croyant. Et nous, cette semaine, admettrons-nous que Dieu se trouve bien souvent l\u00e0 o\u00f9 nous\u00a0ne l&rsquo;attendions pas, l\u00e0 o\u00f9 nous\u00a0n&rsquo;y aurions jamais cru ? Ces prochains jours, en qui reconna\u00eetrons-nous\u00a0notre Seigneur et notre\u00a0Dieu ? Derri\u00e8re quel visage ? Derri\u00e8re quelle rencontre ? Derri\u00e8re quel \u00e9v\u00e9nement ?<\/p>\n","protected":false},"author":1,"featured_media":0,"comment_status":"open","ping_status":"open","sticky":false,"template":"","format":"standard","meta":{"footnotes":""},"categories":[4,5,74],"tags":[62,76,430,434,399],"class_list":["post-831","post","type-post","status-publish","format-standard","hentry","category-dimanche","category-jean","category-temps-pascal","tag-dieu","tag-foi","tag-jean","tag-paques","tag-thomas"],"_links":{"self":[{"href":"https:\/\/levangilealecran.com\/index.php?rest_route=\/wp\/v2\/posts\/831","targetHints":{"allow":["GET"]}}],"collection":[{"href":"https:\/\/levangilealecran.com\/index.php?rest_route=\/wp\/v2\/posts"}],"about":[{"href":"https:\/\/levangilealecran.com\/index.php?rest_route=\/wp\/v2\/types\/post"}],"author":[{"embeddable":true,"href":"https:\/\/levangilealecran.com\/index.php?rest_route=\/wp\/v2\/users\/1"}],"replies":[{"embeddable":true,"href":"https:\/\/levangilealecran.com\/index.php?rest_route=%2Fwp%2Fv2%2Fcomments&post=831"}],"version-history":[{"count":1,"href":"https:\/\/levangilealecran.com\/index.php?rest_route=\/wp\/v2\/posts\/831\/revisions"}],"predecessor-version":[{"id":832,"href":"https:\/\/levangilealecran.com\/index.php?rest_route=\/wp\/v2\/posts\/831\/revisions\/832"}],"wp:attachment":[{"href":"https:\/\/levangilealecran.com\/index.php?rest_route=%2Fwp%2Fv2%2Fmedia&parent=831"}],"wp:term":[{"taxonomy":"category","embeddable":true,"href":"https:\/\/levangilealecran.com\/index.php?rest_route=%2Fwp%2Fv2%2Fcategories&post=831"},{"taxonomy":"post_tag","embeddable":true,"href":"https:\/\/levangilealecran.com\/index.php?rest_route=%2Fwp%2Fv2%2Ftags&post=831"}],"curies":[{"name":"wp","href":"https:\/\/api.w.org\/{rel}","templated":true}]}}