{"id":823,"date":"2015-04-03T08:47:07","date_gmt":"2015-04-03T06:47:07","guid":{"rendered":"http:\/\/levangilealecran.com?p=823"},"modified":"2015-04-03T08:47:07","modified_gmt":"2015-04-03T06:47:07","slug":"vendredi-saint-2015","status":"publish","type":"post","link":"https:\/\/levangilealecran.com\/?p=823","title":{"rendered":"Vendredi Saint &#8211; 2015"},"content":{"rendered":"<p style=\"text-align: justify;\">\u00ab Pilate dit alors \u00e0 J\u00e9sus: \u00a0\u00bb C&rsquo;est \u00e0 moi que tu refuses de parler! Ne sais-tu pas que j&rsquo;ai le pouvoir de te rel\u00e2cher comme j&rsquo;ai le pouvoir de te faire crucifier ? \u00a0\u00bb Mais J\u00e9sus lui r\u00e9pondit: \u00a0\u00bb Tu n&rsquo;aurais sur moi aucun pouvoir s&rsquo;il ne t&rsquo;avait \u00e9t\u00e9 donn\u00e9 d&rsquo;en haut; et c&rsquo;est bien pourquoi celui qui m&rsquo;a livr\u00e9 \u00e0 toi porte un plus grand p\u00e9ch\u00e9. \u00bb (Jn 19, 10-11)<\/p>\n<p style=\"text-align: justify;\"><strong>&gt; Nous voyons dans ces deux versets une grande libert\u00e9 chez J\u00e9sus. Il ne se consid\u00e8re pas comme la victime de Pilate ou des chefs des juifs. Il ne cherche m\u00eame pas \u00e0 se d\u00e9fendre des accusations port\u00e9es contre lui. J\u00e9sus ne d\u00e9sire pas la mort, mais par contre il refuse de se laisser atteindre int\u00e9rieurement dans ce qu\u2019il est. On le sent \u00e9galement en lien avec son P\u00e8re et cette communion lui permet de traverser cette terrible \u00e9preuve qui va le mener \u00e0 la mort<\/strong><\/p>\n<p style=\"text-align: justify;\"><strong>Aujourd\u2019hui nous faisons m\u00e9moire de la mort du Christ. Nous sommes invit\u00e9s\u00a0\u00e0 r\u00e9fl\u00e9chir aux petites morts que nous pouvons\u00a0vivre et qui nous\u00a0emp\u00eachent d\u2019\u00eatre emplis\u00a0de cette vie qui nous a \u00e9t\u00e9 offerte par J\u00e9sus-Christ. Que nous puissions,\u00a0\u00e0 son image, gagner en libert\u00e9 int\u00e9rieure, pour ne nous\u00a0attacher qu\u2019\u00e0 ce qui donne vie. Et tout cela en communion avec le P\u00e8re qui nous aide \u00e0 surmonter les \u00e9preuves de la vie.<\/strong><\/p>\n","protected":false},"excerpt":{"rendered":"<p>\u00ab Pilate dit alors \u00e0 J\u00e9sus: \u00a0\u00bb C&rsquo;est \u00e0 moi que tu refuses de parler! Ne sais-tu pas que j&rsquo;ai le pouvoir de te rel\u00e2cher comme j&rsquo;ai le pouvoir de te faire crucifier ? \u00a0\u00bb Mais J\u00e9sus lui r\u00e9pondit: \u00a0\u00bb Tu n&rsquo;aurais sur moi aucun pouvoir s&rsquo;il ne t&rsquo;avait \u00e9t\u00e9 donn\u00e9 d&rsquo;en haut; et c&rsquo;est bien pourquoi celui qui m&rsquo;a livr\u00e9 \u00e0 toi porte un plus grand p\u00e9ch\u00e9. \u00bb (Jn 19, 10-11) &gt; Nous voyons dans ces deux versets une grande libert\u00e9 chez J\u00e9sus. Il ne se consid\u00e8re pas comme la victime de Pilate ou des chefs des juifs. Il ne cherche m\u00eame pas \u00e0 se d\u00e9fendre des accusations port\u00e9es \u2026 <a class=\"continue-reading-link\" href=\"https:\/\/levangilealecran.com\/?p=823\"> Continue reading <span class=\"meta-nav\">&rarr; <\/span><\/a><\/p>\n","protected":false},"author":1,"featured_media":0,"comment_status":"open","ping_status":"open","sticky":false,"template":"","format":"standard","meta":{"footnotes":""},"categories":[44,254],"tags":[141,235,256,52],"class_list":["post-823","post","type-post","status-publish","format-standard","hentry","category-careme","category-semaine-sainte","tag-liberte","tag-mort","tag-semaine-sainte-2","tag-vie"],"_links":{"self":[{"href":"https:\/\/levangilealecran.com\/index.php?rest_route=\/wp\/v2\/posts\/823","targetHints":{"allow":["GET"]}}],"collection":[{"href":"https:\/\/levangilealecran.com\/index.php?rest_route=\/wp\/v2\/posts"}],"about":[{"href":"https:\/\/levangilealecran.com\/index.php?rest_route=\/wp\/v2\/types\/post"}],"author":[{"embeddable":true,"href":"https:\/\/levangilealecran.com\/index.php?rest_route=\/wp\/v2\/users\/1"}],"replies":[{"embeddable":true,"href":"https:\/\/levangilealecran.com\/index.php?rest_route=%2Fwp%2Fv2%2Fcomments&post=823"}],"version-history":[{"count":1,"href":"https:\/\/levangilealecran.com\/index.php?rest_route=\/wp\/v2\/posts\/823\/revisions"}],"predecessor-version":[{"id":824,"href":"https:\/\/levangilealecran.com\/index.php?rest_route=\/wp\/v2\/posts\/823\/revisions\/824"}],"wp:attachment":[{"href":"https:\/\/levangilealecran.com\/index.php?rest_route=%2Fwp%2Fv2%2Fmedia&parent=823"}],"wp:term":[{"taxonomy":"category","embeddable":true,"href":"https:\/\/levangilealecran.com\/index.php?rest_route=%2Fwp%2Fv2%2Fcategories&post=823"},{"taxonomy":"post_tag","embeddable":true,"href":"https:\/\/levangilealecran.com\/index.php?rest_route=%2Fwp%2Fv2%2Ftags&post=823"}],"curies":[{"name":"wp","href":"https:\/\/api.w.org\/{rel}","templated":true}]}}