{"id":821,"date":"2015-04-02T07:14:54","date_gmt":"2015-04-02T05:14:54","guid":{"rendered":"http:\/\/levangilealecran.com?p=821"},"modified":"2015-04-02T07:14:54","modified_gmt":"2015-04-02T05:14:54","slug":"jeudi-saint-2015","status":"publish","type":"post","link":"https:\/\/levangilealecran.com\/?p=821","title":{"rendered":"Jeudi Saint &#8211; 2015"},"content":{"rendered":"<p style=\"text-align: justify;\">Avant la f\u00eate de la P\u00e2que, sachant que l\u2019heure \u00e9tait venue pour lui de passer de ce monde \u00e0 son P\u00e8re, J\u00e9sus, ayant aim\u00e9 les siens qui \u00e9taient dans le monde, les aima jusqu\u2019au bout. Au cours du repas, alors que le diable a d\u00e9j\u00e0 mis dans le c\u0153ur de Judas, fils de Simon l\u2019Iscariote, l\u2019intention de le livrer, J\u00e9sus, sachant que le P\u00e8re a tout remis entre ses mains, qu\u2019il est sorti de Dieu et qu\u2019il s\u2019en va vers Dieu, se l\u00e8ve de table (\u2026). &#8211; Jn 13, 1-4a<\/p>\n<p style=\"text-align: justify;\"><strong>&gt; Cette sc\u00e8ne introduit la Pas<span class=\"text_exposed_show\">sion de J\u00e9sus et la mani\u00e8re dont il pr\u00e9pare ses disciples \u00e0 la vie sans lui. \u00ab L\u2019heure \u00e9tait venue \u00bb, l\u2019heure vers laquelle tout l\u2019Evangile converge, l\u2019heure de la mort du Fils \u00e0 lire comme un d\u00e9part vers son P\u00e8re. \u00ab Il est sorti de Dieu et s\u2019en va vers Dieu \u00bb, \u00e9crit l\u2019\u00e9vang\u00e9liste Jean.<\/span><\/strong><\/p>\n<div class=\"text_exposed_show\">\n<p style=\"text-align: justify;\"><strong>Il en va de toutes les morts auxquelles nous sommes confront\u00e9s. Tristesse de la s\u00e9paration, peur de la vie \u00ab sans \u00bb lui ou elle, nouvelles habitudes \u00e0 prendre, autant de m\u00e9canismes psychiques \u00e0 mettre en place au cours du deuil. Se souvenir n\u00e9anmoins que toute vie humaine vient de Dieu et s\u2019en retourne \u00e0 Lui donne force et courage pour continuer la route. Savoir son proche dans la lumi\u00e8re et l\u2019amour de Dieu le P\u00e8re, avec J\u00e9sus le Fils par l\u2019Esprit Saint console et apaise.<\/strong><\/p>\n<p style=\"text-align: justify;\"><strong>En ce Jeudi Saint, nous nous\u00a0proposons de visualiser l\u2019un ou l\u2019autre ou plusieurs de nos proches d\u00e9c\u00e9d\u00e9s vivant dans la paix et l\u2019amour du Christ ressuscit\u00e9. N\u2019est-ce pas l\u00e0 qu\u2019ils ou elles sont au plus proche de nous\u00a0?<\/strong><\/p>\n<\/div>\n","protected":false},"excerpt":{"rendered":"<p>Avant la f\u00eate de la P\u00e2que, sachant que l\u2019heure \u00e9tait venue pour lui de passer de ce monde \u00e0 son P\u00e8re, J\u00e9sus, ayant aim\u00e9 les siens qui \u00e9taient dans le monde, les aima jusqu\u2019au bout. Au cours du repas, alors que le diable a d\u00e9j\u00e0 mis dans le c\u0153ur de Judas, fils de Simon l\u2019Iscariote, l\u2019intention de le livrer, J\u00e9sus, sachant que le P\u00e8re a tout remis entre ses mains, qu\u2019il est sorti de Dieu et qu\u2019il s\u2019en va vers Dieu, se l\u00e8ve de table (\u2026). &#8211; Jn 13, 1-4a &gt; Cette sc\u00e8ne introduit la Passion de J\u00e9sus et la mani\u00e8re dont il pr\u00e9pare ses disciples \u00e0 la vie sans \u2026 <a class=\"continue-reading-link\" href=\"https:\/\/levangilealecran.com\/?p=821\"> Continue reading <span class=\"meta-nav\">&rarr; <\/span><\/a><\/p>\n","protected":false},"author":1,"featured_media":0,"comment_status":"open","ping_status":"open","sticky":false,"template":"","format":"standard","meta":{"footnotes":""},"categories":[44,5,254],"tags":[314,235,63,145,55,256],"class_list":["post-821","post","type-post","status-publish","format-standard","hentry","category-careme","category-jean","category-semaine-sainte","tag-defunts","tag-mort","tag-passion","tag-proximite","tag-resurrection","tag-semaine-sainte-2"],"_links":{"self":[{"href":"https:\/\/levangilealecran.com\/index.php?rest_route=\/wp\/v2\/posts\/821","targetHints":{"allow":["GET"]}}],"collection":[{"href":"https:\/\/levangilealecran.com\/index.php?rest_route=\/wp\/v2\/posts"}],"about":[{"href":"https:\/\/levangilealecran.com\/index.php?rest_route=\/wp\/v2\/types\/post"}],"author":[{"embeddable":true,"href":"https:\/\/levangilealecran.com\/index.php?rest_route=\/wp\/v2\/users\/1"}],"replies":[{"embeddable":true,"href":"https:\/\/levangilealecran.com\/index.php?rest_route=%2Fwp%2Fv2%2Fcomments&post=821"}],"version-history":[{"count":1,"href":"https:\/\/levangilealecran.com\/index.php?rest_route=\/wp\/v2\/posts\/821\/revisions"}],"predecessor-version":[{"id":822,"href":"https:\/\/levangilealecran.com\/index.php?rest_route=\/wp\/v2\/posts\/821\/revisions\/822"}],"wp:attachment":[{"href":"https:\/\/levangilealecran.com\/index.php?rest_route=%2Fwp%2Fv2%2Fmedia&parent=821"}],"wp:term":[{"taxonomy":"category","embeddable":true,"href":"https:\/\/levangilealecran.com\/index.php?rest_route=%2Fwp%2Fv2%2Fcategories&post=821"},{"taxonomy":"post_tag","embeddable":true,"href":"https:\/\/levangilealecran.com\/index.php?rest_route=%2Fwp%2Fv2%2Ftags&post=821"}],"curies":[{"name":"wp","href":"https:\/\/api.w.org\/{rel}","templated":true}]}}