{"id":816,"date":"2015-03-31T08:46:43","date_gmt":"2015-03-31T06:46:43","guid":{"rendered":"http:\/\/levangilealecran.com?p=816"},"modified":"2015-03-31T08:46:43","modified_gmt":"2015-03-31T06:46:43","slug":"mardi-saint-2015","status":"publish","type":"post","link":"https:\/\/levangilealecran.com\/?p=816","title":{"rendered":"Mardi Saint &#8211; 2015"},"content":{"rendered":"<p style=\"text-align: justify;\">\u00ab Et, quand Judas eut pris la bouch\u00e9e, Satan entra en lui. \u00bb (Mt 13,27)<\/p>\n<p style=\"text-align: justify;\"><strong>&gt; Pendant cette Semaine Sainte J\u00e9sus va traverser bien des souffrances. Et derri\u00e8re la faiblesse des hommes se cache celui nomm\u00e9 ici : Satan. La force du mal sur terre est puissante, jusqu\u2019\u00e0 mener \u00e0 la mort du Christ. Prendre conscience de l\u2019existence du mal c\u2019est d\u00e9j\u00e0 prendre conscience qu\u2019on peut lutter contre lui.<\/strong><\/p>\n<p style=\"text-align: justify;\"><strong>En ce mardi saint, alors que dans quelques jours nous vivrons la Passion de J\u00e9sus, nous\u00a0pouvons d\u00e9cider de chercher \u00e0 r\u00e9solument repousser Satan, \u00e0 refuser le Mal fermement.<\/strong><\/p>\n","protected":false},"excerpt":{"rendered":"<p>\u00ab Et, quand Judas eut pris la bouch\u00e9e, Satan entra en lui. \u00bb (Mt 13,27) &gt; Pendant cette Semaine Sainte J\u00e9sus va traverser bien des souffrances. Et derri\u00e8re la faiblesse des hommes se cache celui nomm\u00e9 ici : Satan. La force du mal sur terre est puissante, jusqu\u2019\u00e0 mener \u00e0 la mort du Christ. Prendre conscience de l\u2019existence du mal c\u2019est d\u00e9j\u00e0 prendre conscience qu\u2019on peut lutter contre lui. En ce mardi saint, alors que dans quelques jours nous vivrons la Passion de J\u00e9sus, nous\u00a0pouvons d\u00e9cider de chercher \u00e0 r\u00e9solument repousser Satan, \u00e0 refuser le Mal fermement.<\/p>\n","protected":false},"author":1,"featured_media":0,"comment_status":"open","ping_status":"open","sticky":false,"template":"","format":"standard","meta":{"footnotes":""},"categories":[44,8,254],"tags":[392,391,389,390,256],"class_list":["post-816","post","type-post","status-publish","format-standard","hentry","category-careme","category-matthieu","category-semaine-sainte","tag-faiblesse","tag-fermete","tag-mal","tag-satan","tag-semaine-sainte-2"],"_links":{"self":[{"href":"https:\/\/levangilealecran.com\/index.php?rest_route=\/wp\/v2\/posts\/816","targetHints":{"allow":["GET"]}}],"collection":[{"href":"https:\/\/levangilealecran.com\/index.php?rest_route=\/wp\/v2\/posts"}],"about":[{"href":"https:\/\/levangilealecran.com\/index.php?rest_route=\/wp\/v2\/types\/post"}],"author":[{"embeddable":true,"href":"https:\/\/levangilealecran.com\/index.php?rest_route=\/wp\/v2\/users\/1"}],"replies":[{"embeddable":true,"href":"https:\/\/levangilealecran.com\/index.php?rest_route=%2Fwp%2Fv2%2Fcomments&post=816"}],"version-history":[{"count":1,"href":"https:\/\/levangilealecran.com\/index.php?rest_route=\/wp\/v2\/posts\/816\/revisions"}],"predecessor-version":[{"id":817,"href":"https:\/\/levangilealecran.com\/index.php?rest_route=\/wp\/v2\/posts\/816\/revisions\/817"}],"wp:attachment":[{"href":"https:\/\/levangilealecran.com\/index.php?rest_route=%2Fwp%2Fv2%2Fmedia&parent=816"}],"wp:term":[{"taxonomy":"category","embeddable":true,"href":"https:\/\/levangilealecran.com\/index.php?rest_route=%2Fwp%2Fv2%2Fcategories&post=816"},{"taxonomy":"post_tag","embeddable":true,"href":"https:\/\/levangilealecran.com\/index.php?rest_route=%2Fwp%2Fv2%2Ftags&post=816"}],"curies":[{"name":"wp","href":"https:\/\/api.w.org\/{rel}","templated":true}]}}