{"id":809,"date":"2015-03-20T08:49:14","date_gmt":"2015-03-20T07:49:14","guid":{"rendered":"http:\/\/levangilealecran.com?p=809"},"modified":"2015-03-20T08:49:14","modified_gmt":"2015-03-20T07:49:14","slug":"5e-dimanche-de-careme-b","status":"publish","type":"post","link":"https:\/\/levangilealecran.com\/?p=809","title":{"rendered":"5e dimanche de Car\u00eame &#8211; B"},"content":{"rendered":"<p>\u00ab Et moi, quand j\u2019aurai \u00e9t\u00e9 \u00e9lev\u00e9 de terre, j\u2019attirerai \u00e0 moi tous les hommes. \u00bb &#8211; Jn 12,32<\/p>\n<p><strong>&gt; Cette parole de J\u00e9sus renferme tout le paradoxe de la foi chr\u00e9tienne. En Christ crucifi\u00e9, souffrant, \u00e9lev\u00e9, glorifi\u00e9, se manifeste l\u2019amour inconditionnel, celui qui vient de Dieu le P\u00e8re, par l\u2019Esprit Saint. Source de vie, de vie plus forte que la mort, J\u00e9sus nous attire \u00e0 lui pour que nous puisions en lui confiance, esp\u00e9rance et amour, chaque jour.<\/strong><\/p>\n<p><strong>Cette semaine, il nous est\u00a0propos\u00e9 de nous\u00a0arr\u00eater un instant devant la croix du Christ, soyons dans la pri\u00e8re, soyons dans une \u00e9glise ou encore dans la nature. Nous nous\u00a0demanderons si nous nous\u00a0sentons attir\u00e9s par J\u00e9sus, et comment. En dernier lieu lors de ce moment de m\u00e9ditation et de communion avec le Seigneur, nous pouvons\u00a0essayer de distinguer ce que cela change, ou pourrait changer, pour nous\u00a0dans notre\u00a0vie de tous les jours, de sentir que le Christ est l\u00e0 avec nous\u00a0dans chaque moment, heureux ou difficile. Au creux de la vague, puissions-nous nous\u00a0accrocher \u00e0 un bout de sa croix et nous\u00a0laisser attirer par lui dans son amour, avec la certitude qu\u2019il ne nous\u00a0abandonnera pas.<\/strong><\/p>\n","protected":false},"excerpt":{"rendered":"<p>\u00ab Et moi, quand j\u2019aurai \u00e9t\u00e9 \u00e9lev\u00e9 de terre, j\u2019attirerai \u00e0 moi tous les hommes. \u00bb &#8211; Jn 12,32 &gt; Cette parole de J\u00e9sus renferme tout le paradoxe de la foi chr\u00e9tienne. En Christ crucifi\u00e9, souffrant, \u00e9lev\u00e9, glorifi\u00e9, se manifeste l\u2019amour inconditionnel, celui qui vient de Dieu le P\u00e8re, par l\u2019Esprit Saint. Source de vie, de vie plus forte que la mort, J\u00e9sus nous attire \u00e0 lui pour que nous puisions en lui confiance, esp\u00e9rance et amour, chaque jour. Cette semaine, il nous est\u00a0propos\u00e9 de nous\u00a0arr\u00eater un instant devant la croix du Christ, soyons dans la pri\u00e8re, soyons dans une \u00e9glise ou encore dans la nature. Nous nous\u00a0demanderons si nous \u2026 <a class=\"continue-reading-link\" href=\"https:\/\/levangilealecran.com\/?p=809\"> Continue reading <span class=\"meta-nav\">&rarr; <\/span><\/a><\/p>\n","protected":false},"author":1,"featured_media":0,"comment_status":"open","ping_status":"open","sticky":false,"template":"","format":"standard","meta":{"footnotes":""},"categories":[44,5],"tags":[382,47,68,31,189],"class_list":["post-809","post","type-post","status-publish","format-standard","hentry","category-careme","category-jean","tag-arret","tag-careme-2","tag-croix","tag-priere","tag-silence"],"_links":{"self":[{"href":"https:\/\/levangilealecran.com\/index.php?rest_route=\/wp\/v2\/posts\/809","targetHints":{"allow":["GET"]}}],"collection":[{"href":"https:\/\/levangilealecran.com\/index.php?rest_route=\/wp\/v2\/posts"}],"about":[{"href":"https:\/\/levangilealecran.com\/index.php?rest_route=\/wp\/v2\/types\/post"}],"author":[{"embeddable":true,"href":"https:\/\/levangilealecran.com\/index.php?rest_route=\/wp\/v2\/users\/1"}],"replies":[{"embeddable":true,"href":"https:\/\/levangilealecran.com\/index.php?rest_route=%2Fwp%2Fv2%2Fcomments&post=809"}],"version-history":[{"count":1,"href":"https:\/\/levangilealecran.com\/index.php?rest_route=\/wp\/v2\/posts\/809\/revisions"}],"predecessor-version":[{"id":810,"href":"https:\/\/levangilealecran.com\/index.php?rest_route=\/wp\/v2\/posts\/809\/revisions\/810"}],"wp:attachment":[{"href":"https:\/\/levangilealecran.com\/index.php?rest_route=%2Fwp%2Fv2%2Fmedia&parent=809"}],"wp:term":[{"taxonomy":"category","embeddable":true,"href":"https:\/\/levangilealecran.com\/index.php?rest_route=%2Fwp%2Fv2%2Fcategories&post=809"},{"taxonomy":"post_tag","embeddable":true,"href":"https:\/\/levangilealecran.com\/index.php?rest_route=%2Fwp%2Fv2%2Ftags&post=809"}],"curies":[{"name":"wp","href":"https:\/\/api.w.org\/{rel}","templated":true}]}}