{"id":799,"date":"2015-02-27T13:23:37","date_gmt":"2015-02-27T12:23:37","guid":{"rendered":"http:\/\/levangilealecran.com?p=799"},"modified":"2015-02-27T13:23:37","modified_gmt":"2015-02-27T12:23:37","slug":"2e-dimanche-de-careme-b","status":"publish","type":"post","link":"https:\/\/levangilealecran.com\/?p=799","title":{"rendered":"2e dimanche de Car\u00eame &#8211; B"},"content":{"rendered":"<p style=\"text-align: justify;\">\u00ab En ce temps-l\u00e0, J\u00e9sus prit avec lui Pierre, Jacques et Jean, et les emmena, eux seuls, \u00e0 l\u2019\u00e9cart sur une haute montagne. Et il fut transfigur\u00e9 devant eux. \u00bb (Marc 9,2)<\/p>\n<p style=\"text-align: justify;\"><strong>&gt; A l\u2019\u00e9cart. C\u2019est \u00e0 l\u2019\u00e9cart qu\u2019en \u00ab ce temps-l\u00e0 \u00bb (litt\u00e9ralement \u00ab\u00a06 jours apr\u00e8s\u00a0\u00bb &#8211; apr\u00e8s la grande f\u00eate des Tentes du peuple juif, Soukkot), J\u00e9sus se r\u00e9v\u00e8le \u00e0 ses trois plus fid\u00e8les disciples. C\u2019est \u00e0 l\u2019\u00e9cart, sur une haute montagne qui \u00e9voque le d\u00e9sert du Sina\u00ef, qu\u2019il est transfigur\u00e9. C\u2019est \u00e0 l\u2019\u00e9cart qu\u2019une voix des nu\u00e9es r\u00e9v\u00e8le sa vraie nature : \u00ab Ceci est mon Fils bien aim\u00e9, \u00e9coutez-le ! \u00bb.<\/strong><\/p>\n<p style=\"text-align: justify;\"><strong>En \u00ab ce temps-l\u00e0 \u00bb du car\u00eame, temps \u00e0 part dans l\u2019ann\u00e9e, J\u00e9sus nous\u00a0invite nous\u00a0aussi \u00e0 sortir de notre\u00a0train-train quotidien et de nos habitudes pour nous\u00a0laisser emmener \u00e0 l\u2019\u00e9cart, dans nos d\u00e9serts, pour nous\u00a0y laisser transfigurer et changer notre\u00a0regard. Nous\u00a0laisser emmener, peut-\u00eatre pas l\u00e0 o\u00f9 nous\u00a0allons habituellement, dans ce qui nous\u00a0semble aride, montagneux, difficile. Prendre le temps d\u2019\u00eatre \u00e0 l\u2019\u00e9cart. Voir. Ecouter. Sentir. Discerner. S\u2019\u00e9merveiller. Rendre gr\u00e2ce. Et se laisser transfigurer\u00a0par Lui.<\/strong><\/p>\n","protected":false},"excerpt":{"rendered":"<p>\u00ab En ce temps-l\u00e0, J\u00e9sus prit avec lui Pierre, Jacques et Jean, et les emmena, eux seuls, \u00e0 l\u2019\u00e9cart sur une haute montagne. Et il fut transfigur\u00e9 devant eux. \u00bb (Marc 9,2) &gt; A l\u2019\u00e9cart. C\u2019est \u00e0 l\u2019\u00e9cart qu\u2019en \u00ab ce temps-l\u00e0 \u00bb (litt\u00e9ralement \u00ab\u00a06 jours apr\u00e8s\u00a0\u00bb &#8211; apr\u00e8s la grande f\u00eate des Tentes du peuple juif, Soukkot), J\u00e9sus se r\u00e9v\u00e8le \u00e0 ses trois plus fid\u00e8les disciples. C\u2019est \u00e0 l\u2019\u00e9cart, sur une haute montagne qui \u00e9voque le d\u00e9sert du Sina\u00ef, qu\u2019il est transfigur\u00e9. C\u2019est \u00e0 l\u2019\u00e9cart qu\u2019une voix des nu\u00e9es r\u00e9v\u00e8le sa vraie nature : \u00ab Ceci est mon Fils bien aim\u00e9, \u00e9coutez-le ! \u00bb. En \u00ab ce temps-l\u00e0 \u00bb \u2026 <a class=\"continue-reading-link\" href=\"https:\/\/levangilealecran.com\/?p=799\"> Continue reading <span class=\"meta-nav\">&rarr; <\/span><\/a><\/p>\n","protected":false},"author":1,"featured_media":0,"comment_status":"open","ping_status":"open","sticky":false,"template":"","format":"standard","meta":{"footnotes":""},"categories":[44,7],"tags":[47,289,376,49],"class_list":["post-799","post","type-post","status-publish","format-standard","hentry","category-careme","category-marc","tag-careme-2","tag-desert","tag-ecart","tag-transfiguration"],"_links":{"self":[{"href":"https:\/\/levangilealecran.com\/index.php?rest_route=\/wp\/v2\/posts\/799","targetHints":{"allow":["GET"]}}],"collection":[{"href":"https:\/\/levangilealecran.com\/index.php?rest_route=\/wp\/v2\/posts"}],"about":[{"href":"https:\/\/levangilealecran.com\/index.php?rest_route=\/wp\/v2\/types\/post"}],"author":[{"embeddable":true,"href":"https:\/\/levangilealecran.com\/index.php?rest_route=\/wp\/v2\/users\/1"}],"replies":[{"embeddable":true,"href":"https:\/\/levangilealecran.com\/index.php?rest_route=%2Fwp%2Fv2%2Fcomments&post=799"}],"version-history":[{"count":1,"href":"https:\/\/levangilealecran.com\/index.php?rest_route=\/wp\/v2\/posts\/799\/revisions"}],"predecessor-version":[{"id":800,"href":"https:\/\/levangilealecran.com\/index.php?rest_route=\/wp\/v2\/posts\/799\/revisions\/800"}],"wp:attachment":[{"href":"https:\/\/levangilealecran.com\/index.php?rest_route=%2Fwp%2Fv2%2Fmedia&parent=799"}],"wp:term":[{"taxonomy":"category","embeddable":true,"href":"https:\/\/levangilealecran.com\/index.php?rest_route=%2Fwp%2Fv2%2Fcategories&post=799"},{"taxonomy":"post_tag","embeddable":true,"href":"https:\/\/levangilealecran.com\/index.php?rest_route=%2Fwp%2Fv2%2Ftags&post=799"}],"curies":[{"name":"wp","href":"https:\/\/api.w.org\/{rel}","templated":true}]}}