{"id":794,"date":"2015-02-13T15:54:33","date_gmt":"2015-02-13T14:54:33","guid":{"rendered":"http:\/\/levangilealecran.com?p=794"},"modified":"2015-02-13T15:54:33","modified_gmt":"2015-02-13T14:54:33","slug":"6e-dimanche-b","status":"publish","type":"post","link":"https:\/\/levangilealecran.com\/?p=794","title":{"rendered":"6e dimanche &#8211; B"},"content":{"rendered":"<p style=\"text-align: justify;\">\u00ab Avec fermet\u00e9, J\u00e9sus le renvoya aussit\u00f4t en lui disant : \u00ab\u00a0Attention, ne dis rien \u00e0 personne, mais va te montrer au pr\u00eatre, et donne pour ta purification ce que Mo\u00efse a prescrit dans la Loi : cela sera pour les gens un t\u00e9moignage.\u00a0\u00bb \u00bb &#8211; Mc 1, 43-44<\/p>\n<p style=\"text-align: justify;\"><strong>&gt; J\u00e9sus qui se f\u00e2che, qui s\u2019\u00e9nerve et qui demande qu\u2019on ne parle surtout pas de ce qui vient de se passer ! Eh oui \u00e7a arrive ! Il n\u2019a pas toujours l\u2019\u00e9tiquette de l\u2019homme joyeux et gentil dont on l\u2019affuble trop souvent en \u00e9vitant soigneusement les passages moins lisses des \u00e9vangiles. Ici, J\u00e9sus gu\u00e9rit un l\u00e9preux, un malade mis au ban de la soci\u00e9t\u00e9. Miracle. Certes. Mais pas seulement. Les miracles de J\u00e9sus ne sont pas des actes magiques appelant \u00e0 faire de lui un proph\u00e8te parmi d\u2019autres. Ses miracles sont des mani\u00e8res de conduire \u00e0 Dieu son P\u00e8re. Sinon le geste est vain.<\/strong><\/p>\n<p style=\"text-align: justify;\"><strong>En enjoignant le l\u00e9preux \u00e0 garder le silence et \u00e0 aller voir le pr\u00eatre, J\u00e9sus d\u00e9sire qu\u2019il int\u00e9riorise ce qui vient de se passer, qu\u2019il le m\u00e9dite et qu\u2019il reconnaisse que cela vient de Dieu. Ainsi pourra-t-il aller accomplir son offrande au temple comme la Loi le prescrivait. Mais le l\u00e9preux ne peut garder tout \u00e7a pour lui, et on le comprend\u2026 Les cons\u00e9quences font que c\u2019est J\u00e9sus lui-m\u00eame, \u00ab victime de son succ\u00e8s \u00bb, qui sera mis au ban des villes trop pleines de monde pour qu\u2019il puisse y entrer\u2026<\/strong><\/p>\n<p style=\"text-align: justify;\"><strong>Cette histoire enseigne deux choses : lorsque tu vis un exaucement (apr\u00e8s avoir longtemps pri\u00e9 ou gal\u00e9r\u00e9 dans une situation particuli\u00e8re qui enfin se d\u00e9cante), avant de le clamer haut et fort, remercie le Seigneur pour ses bienfaits et pour sa fid\u00e9lit\u00e9 envers toi. Deuxi\u00e8mement, essaie de discerner en quoi ta nouvelle situation t\u2019appelle \u00e0 changer quelque chose dans ta vie pour te rapprocher un peu plus du Dieu de J\u00e9sus Christ et lui \u00eatre fid\u00e8le. Ce pourrait \u00eatre l\u2019un de tes objectifs pour le Car\u00eame qui commence cette semaine !<\/strong><\/p>\n","protected":false},"excerpt":{"rendered":"<p>\u00ab Avec fermet\u00e9, J\u00e9sus le renvoya aussit\u00f4t en lui disant : \u00ab\u00a0Attention, ne dis rien \u00e0 personne, mais va te montrer au pr\u00eatre, et donne pour ta purification ce que Mo\u00efse a prescrit dans la Loi : cela sera pour les gens un t\u00e9moignage.\u00a0\u00bb \u00bb &#8211; Mc 1, 43-44 &gt; J\u00e9sus qui se f\u00e2che, qui s\u2019\u00e9nerve et qui demande qu\u2019on ne parle surtout pas de ce qui vient de se passer ! Eh oui \u00e7a arrive ! Il n\u2019a pas toujours l\u2019\u00e9tiquette de l\u2019homme joyeux et gentil dont on l\u2019affuble trop souvent en \u00e9vitant soigneusement les passages moins lisses des \u00e9vangiles. Ici, J\u00e9sus gu\u00e9rit un l\u00e9preux, un malade mis au \u2026 <a class=\"continue-reading-link\" href=\"https:\/\/levangilealecran.com\/?p=794\"> Continue reading <span class=\"meta-nav\">&rarr; <\/span><\/a><\/p>\n","protected":false},"author":1,"featured_media":0,"comment_status":"open","ping_status":"open","sticky":false,"template":"","format":"standard","meta":{"footnotes":""},"categories":[4,7],"tags":[47,371,132,372,432,373],"class_list":["post-794","post","type-post","status-publish","format-standard","hentry","category-dimanche","category-marc","tag-careme-2","tag-colere","tag-gratitude","tag-lepreux","tag-marc","tag-miracle"],"_links":{"self":[{"href":"https:\/\/levangilealecran.com\/index.php?rest_route=\/wp\/v2\/posts\/794","targetHints":{"allow":["GET"]}}],"collection":[{"href":"https:\/\/levangilealecran.com\/index.php?rest_route=\/wp\/v2\/posts"}],"about":[{"href":"https:\/\/levangilealecran.com\/index.php?rest_route=\/wp\/v2\/types\/post"}],"author":[{"embeddable":true,"href":"https:\/\/levangilealecran.com\/index.php?rest_route=\/wp\/v2\/users\/1"}],"replies":[{"embeddable":true,"href":"https:\/\/levangilealecran.com\/index.php?rest_route=%2Fwp%2Fv2%2Fcomments&post=794"}],"version-history":[{"count":1,"href":"https:\/\/levangilealecran.com\/index.php?rest_route=\/wp\/v2\/posts\/794\/revisions"}],"predecessor-version":[{"id":795,"href":"https:\/\/levangilealecran.com\/index.php?rest_route=\/wp\/v2\/posts\/794\/revisions\/795"}],"wp:attachment":[{"href":"https:\/\/levangilealecran.com\/index.php?rest_route=%2Fwp%2Fv2%2Fmedia&parent=794"}],"wp:term":[{"taxonomy":"category","embeddable":true,"href":"https:\/\/levangilealecran.com\/index.php?rest_route=%2Fwp%2Fv2%2Fcategories&post=794"},{"taxonomy":"post_tag","embeddable":true,"href":"https:\/\/levangilealecran.com\/index.php?rest_route=%2Fwp%2Fv2%2Ftags&post=794"}],"curies":[{"name":"wp","href":"https:\/\/api.w.org\/{rel}","templated":true}]}}