{"id":767,"date":"2015-01-16T11:28:44","date_gmt":"2015-01-16T10:28:44","guid":{"rendered":"http:\/\/levangilealecran.com?p=767"},"modified":"2015-01-16T11:28:44","modified_gmt":"2015-01-16T10:28:44","slug":"semaine-de-lunite-message-prealable","status":"publish","type":"post","link":"https:\/\/levangilealecran.com\/?p=767","title":{"rendered":"Semaine de l&rsquo;Unit\u00e9 &#8211; Message pr\u00e9alable"},"content":{"rendered":"<p style=\"text-align: justify;\"><em>Bonjour \u00e0 tous!<\/em><\/p>\n<p style=\"text-align: justify;\">\n<em>Aujourd&rsquo;hui, vous ne trouverez pas la piste habituelle pour ce dimanche. Eh oui, la semaine qui vient est sp\u00e9ciale&#8230; du 18 au 25 janvier, c&rsquo;est la semaine de pri\u00e8re pour l&rsquo;Unit\u00e9 des Chr\u00e9tiens. L&rsquo;Evangile \u00e0 l&rsquo;Ecran \u00e9tant justement le fruit d&rsquo;une belle collaboration \u0153cum\u00e9nique, nous avons \u00e0 c\u0153ur de nous joindre \u00e0 ce qui va \u00eatre v\u00e9cu tout au long de cette semaine.<\/em><\/p>\n<p style=\"text-align: justify;\">\n<em>Au cours de ces 8 jours, les chr\u00e9tiens des diff\u00e9rentes confessions sont invit\u00e9s \u00e0 m\u00e9diter le texte de la Samaritaine en Jn 4. C&rsquo;est ce que nous allons \u00e9galement faire avec toute l&rsquo;\u00e9quipe de l&rsquo;Evangile \u00e0 l&rsquo;Ecran. Vous trouverez ainsi <strong>chaque jour, \u00e0 partir du 18 et jusqu&rsquo;au 25, une piste<\/strong> propos\u00e9e autour du texte de la Samaritaine. <\/em><\/p>\n<p style=\"text-align: justify;\"><em>Bonne semaine de pri\u00e8re pour l&rsquo;Unit\u00e9 des Chr\u00e9tiens!<\/em><\/p>\n","protected":false},"excerpt":{"rendered":"<p>Bonjour \u00e0 tous! Aujourd&rsquo;hui, vous ne trouverez pas la piste habituelle pour ce dimanche. Eh oui, la semaine qui vient est sp\u00e9ciale&#8230; du 18 au 25 janvier, c&rsquo;est la semaine de pri\u00e8re pour l&rsquo;Unit\u00e9 des Chr\u00e9tiens. L&rsquo;Evangile \u00e0 l&rsquo;Ecran \u00e9tant justement le fruit d&rsquo;une belle collaboration \u0153cum\u00e9nique, nous avons \u00e0 c\u0153ur de nous joindre \u00e0 ce qui va \u00eatre v\u00e9cu tout au long de cette semaine. Au cours de ces 8 jours, les chr\u00e9tiens des diff\u00e9rentes confessions sont invit\u00e9s \u00e0 m\u00e9diter le texte de la Samaritaine en Jn 4. C&rsquo;est ce que nous allons \u00e9galement faire avec toute l&rsquo;\u00e9quipe de l&rsquo;Evangile \u00e0 l&rsquo;Ecran. Vous trouverez ainsi chaque jour, \u00e0 partir \u2026 <a class=\"continue-reading-link\" href=\"https:\/\/levangilealecran.com\/?p=767\"> Continue reading <span class=\"meta-nav\">&rarr; <\/span><\/a><\/p>\n","protected":false},"author":1,"featured_media":0,"comment_status":"open","ping_status":"open","sticky":false,"template":"","format":"standard","meta":{"footnotes":""},"categories":[4,359],"tags":[],"class_list":["post-767","post","type-post","status-publish","format-standard","hentry","category-dimanche","category-semaine-de-lunite"],"_links":{"self":[{"href":"https:\/\/levangilealecran.com\/index.php?rest_route=\/wp\/v2\/posts\/767","targetHints":{"allow":["GET"]}}],"collection":[{"href":"https:\/\/levangilealecran.com\/index.php?rest_route=\/wp\/v2\/posts"}],"about":[{"href":"https:\/\/levangilealecran.com\/index.php?rest_route=\/wp\/v2\/types\/post"}],"author":[{"embeddable":true,"href":"https:\/\/levangilealecran.com\/index.php?rest_route=\/wp\/v2\/users\/1"}],"replies":[{"embeddable":true,"href":"https:\/\/levangilealecran.com\/index.php?rest_route=%2Fwp%2Fv2%2Fcomments&post=767"}],"version-history":[{"count":1,"href":"https:\/\/levangilealecran.com\/index.php?rest_route=\/wp\/v2\/posts\/767\/revisions"}],"predecessor-version":[{"id":768,"href":"https:\/\/levangilealecran.com\/index.php?rest_route=\/wp\/v2\/posts\/767\/revisions\/768"}],"wp:attachment":[{"href":"https:\/\/levangilealecran.com\/index.php?rest_route=%2Fwp%2Fv2%2Fmedia&parent=767"}],"wp:term":[{"taxonomy":"category","embeddable":true,"href":"https:\/\/levangilealecran.com\/index.php?rest_route=%2Fwp%2Fv2%2Fcategories&post=767"},{"taxonomy":"post_tag","embeddable":true,"href":"https:\/\/levangilealecran.com\/index.php?rest_route=%2Fwp%2Fv2%2Ftags&post=767"}],"curies":[{"name":"wp","href":"https:\/\/api.w.org\/{rel}","templated":true}]}}