{"id":759,"date":"2014-12-27T23:38:49","date_gmt":"2014-12-27T22:38:49","guid":{"rendered":"http:\/\/levangilealecran.com?p=759"},"modified":"2014-12-27T23:38:49","modified_gmt":"2014-12-27T22:38:49","slug":"sainte-famille-b","status":"publish","type":"post","link":"https:\/\/levangilealecran.com\/?p=759","title":{"rendered":"Sainte-Famille &#8211; B"},"content":{"rendered":"<p style=\"text-align: justify;\">\u00ab\u00a0Car mes yeux ont vu le salut&#8230;\u00a0\u00bb (Lc 2,30)<\/p>\n<p style=\"text-align: justify;\"><strong>&gt;\u00a0No\u00ebl est le temps de l&rsquo;ann\u00e9e o\u00f9 les yeux brillent parfois davantage. Nous avons la chance de voir mille merveilles autour de nous, non seulement en termes de lieux d\u00e9cor\u00e9s, de pr\u00e9sents qui touchent, mais aussi simplement d&rsquo;amiti\u00e9 partag\u00e9e, d&rsquo;amour fraternel, de gestes magnifiques et gratuits.<\/strong><\/p>\n<p style=\"text-align: justify;\"><strong>Le vieux Sym\u00e9on s&rsquo;\u00e9merveille, dans ce verset. Ses yeux ont vu J\u00e9sus, ils ont donc vu &#8211; il le sait &#8211; le salut.<\/strong><\/p>\n<p style=\"text-align: justify;\"><strong>Qu&rsquo;ont vu nos yeux, ces jours, qui pourrait \u00eatre qualifi\u00e9 de salvateur ? Pensons-y, et gardons un regard qui s&rsquo;\u00e9merveille de ce qui nous entoure !<\/strong><\/p>\n","protected":false},"excerpt":{"rendered":"<p>\u00ab\u00a0Car mes yeux ont vu le salut&#8230;\u00a0\u00bb (Lc 2,30) &gt;\u00a0No\u00ebl est le temps de l&rsquo;ann\u00e9e o\u00f9 les yeux brillent parfois davantage. Nous avons la chance de voir mille merveilles autour de nous, non seulement en termes de lieux d\u00e9cor\u00e9s, de pr\u00e9sents qui touchent, mais aussi simplement d&rsquo;amiti\u00e9 partag\u00e9e, d&rsquo;amour fraternel, de gestes magnifiques et gratuits. Le vieux Sym\u00e9on s&rsquo;\u00e9merveille, dans ce verset. Ses yeux ont vu J\u00e9sus, ils ont donc vu &#8211; il le sait &#8211; le salut. Qu&rsquo;ont vu nos yeux, ces jours, qui pourrait \u00eatre qualifi\u00e9 de salvateur ? Pensons-y, et gardons un regard qui s&rsquo;\u00e9merveille de ce qui nous entoure !<\/p>\n","protected":false},"author":1,"featured_media":0,"comment_status":"open","ping_status":"open","sticky":false,"template":"","format":"standard","meta":{"footnotes":""},"categories":[4,24,6],"tags":[117,431,352,234,353],"class_list":["post-759","post","type-post","status-publish","format-standard","hentry","category-dimanche","category-fetes","category-luc","tag-emerveillement","tag-luc","tag-salut","tag-symeon","tag-yeux"],"_links":{"self":[{"href":"https:\/\/levangilealecran.com\/index.php?rest_route=\/wp\/v2\/posts\/759","targetHints":{"allow":["GET"]}}],"collection":[{"href":"https:\/\/levangilealecran.com\/index.php?rest_route=\/wp\/v2\/posts"}],"about":[{"href":"https:\/\/levangilealecran.com\/index.php?rest_route=\/wp\/v2\/types\/post"}],"author":[{"embeddable":true,"href":"https:\/\/levangilealecran.com\/index.php?rest_route=\/wp\/v2\/users\/1"}],"replies":[{"embeddable":true,"href":"https:\/\/levangilealecran.com\/index.php?rest_route=%2Fwp%2Fv2%2Fcomments&post=759"}],"version-history":[{"count":1,"href":"https:\/\/levangilealecran.com\/index.php?rest_route=\/wp\/v2\/posts\/759\/revisions"}],"predecessor-version":[{"id":760,"href":"https:\/\/levangilealecran.com\/index.php?rest_route=\/wp\/v2\/posts\/759\/revisions\/760"}],"wp:attachment":[{"href":"https:\/\/levangilealecran.com\/index.php?rest_route=%2Fwp%2Fv2%2Fmedia&parent=759"}],"wp:term":[{"taxonomy":"category","embeddable":true,"href":"https:\/\/levangilealecran.com\/index.php?rest_route=%2Fwp%2Fv2%2Fcategories&post=759"},{"taxonomy":"post_tag","embeddable":true,"href":"https:\/\/levangilealecran.com\/index.php?rest_route=%2Fwp%2Fv2%2Ftags&post=759"}],"curies":[{"name":"wp","href":"https:\/\/api.w.org\/{rel}","templated":true}]}}