{"id":752,"date":"2014-12-23T07:00:03","date_gmt":"2014-12-23T06:00:03","guid":{"rendered":"http:\/\/levangilealecran.com?p=752"},"modified":"2014-12-20T18:00:06","modified_gmt":"2014-12-20T17:00:06","slug":"avent-2014-jour-24","status":"publish","type":"post","link":"https:\/\/levangilealecran.com\/?p=752","title":{"rendered":"Avent 2014 &#8211; Jour 24"},"content":{"rendered":"<p style=\"text-align: justify;\">Le huiti\u00e8me jour, ils vinrent pour la circoncision de l\u2019enfant. Ils voulaient l\u2019appeler Zacharie, du nom de son p\u00e8re. Mais sa m\u00e8re prit la parole et d\u00e9clara\u00a0: \u00ab\u00a0Non, il s\u2019appellera Jean.\u00a0\u00bb. On lui dit\u00a0: \u00ab\u00a0Personne dans ta famille ne porte ce nom-l\u00e0\u00a0!\u00a0\u00bb (Lc 1,59-61)<\/p>\n<p><strong>&gt; Et si, nous aussi, nous osions sortir des sentiers battus, des classements, des jugements, pour continuer la r\u00e9volution int\u00e9rieure que Jean le Baptiste avait annonc\u00e9 et J\u00e9sus accompli\u00a0? Et si nous nous lib\u00e9rions du regard superficiel de la soci\u00e9t\u00e9 pour comprendre o\u00f9 est la vraie libert\u00e9 mais aussi la V\u00e9rit\u00e9\u00a0? <\/strong><\/p>\n<p style=\"text-align: justify;\"><strong>Pour cela nous devons parfois briser nos propres cha\u00eenes int\u00e9rieures. La Naissance du Sauveur est une Bonne Nouvelle mais aussi une demande du Christ pour nous changer, pour changer le monde. Hors des sentiers battus.<\/strong><\/p>\n","protected":false},"excerpt":{"rendered":"<p>Le huiti\u00e8me jour, ils vinrent pour la circoncision de l\u2019enfant. Ils voulaient l\u2019appeler Zacharie, du nom de son p\u00e8re. Mais sa m\u00e8re prit la parole et d\u00e9clara\u00a0: \u00ab\u00a0Non, il s\u2019appellera Jean.\u00a0\u00bb. On lui dit\u00a0: \u00ab\u00a0Personne dans ta famille ne porte ce nom-l\u00e0\u00a0!\u00a0\u00bb (Lc 1,59-61) &gt; Et si, nous aussi, nous osions sortir des sentiers battus, des classements, des jugements, pour continuer la r\u00e9volution int\u00e9rieure que Jean le Baptiste avait annonc\u00e9 et J\u00e9sus accompli\u00a0? Et si nous nous lib\u00e9rions du regard superficiel de la soci\u00e9t\u00e9 pour comprendre o\u00f9 est la vraie libert\u00e9 mais aussi la V\u00e9rit\u00e9\u00a0? Pour cela nous devons parfois briser nos propres cha\u00eenes int\u00e9rieures. La Naissance du Sauveur est \u2026 <a class=\"continue-reading-link\" href=\"https:\/\/levangilealecran.com\/?p=752\"> Continue reading <span class=\"meta-nav\">&rarr; <\/span><\/a><\/p>\n","protected":false},"author":1,"featured_media":0,"comment_status":"open","ping_status":"open","sticky":false,"template":"","format":"standard","meta":{"footnotes":""},"categories":[147,6],"tags":[298,323,169,141,431,12],"class_list":["post-752","post","type-post","status-publish","format-standard","hentry","category-avent-2","category-luc","tag-inattendu","tag-invites-avent-2014","tag-jean-baptiste","tag-liberte","tag-luc","tag-verite"],"_links":{"self":[{"href":"https:\/\/levangilealecran.com\/index.php?rest_route=\/wp\/v2\/posts\/752","targetHints":{"allow":["GET"]}}],"collection":[{"href":"https:\/\/levangilealecran.com\/index.php?rest_route=\/wp\/v2\/posts"}],"about":[{"href":"https:\/\/levangilealecran.com\/index.php?rest_route=\/wp\/v2\/types\/post"}],"author":[{"embeddable":true,"href":"https:\/\/levangilealecran.com\/index.php?rest_route=\/wp\/v2\/users\/1"}],"replies":[{"embeddable":true,"href":"https:\/\/levangilealecran.com\/index.php?rest_route=%2Fwp%2Fv2%2Fcomments&post=752"}],"version-history":[{"count":1,"href":"https:\/\/levangilealecran.com\/index.php?rest_route=\/wp\/v2\/posts\/752\/revisions"}],"predecessor-version":[{"id":753,"href":"https:\/\/levangilealecran.com\/index.php?rest_route=\/wp\/v2\/posts\/752\/revisions\/753"}],"wp:attachment":[{"href":"https:\/\/levangilealecran.com\/index.php?rest_route=%2Fwp%2Fv2%2Fmedia&parent=752"}],"wp:term":[{"taxonomy":"category","embeddable":true,"href":"https:\/\/levangilealecran.com\/index.php?rest_route=%2Fwp%2Fv2%2Fcategories&post=752"},{"taxonomy":"post_tag","embeddable":true,"href":"https:\/\/levangilealecran.com\/index.php?rest_route=%2Fwp%2Fv2%2Ftags&post=752"}],"curies":[{"name":"wp","href":"https:\/\/api.w.org\/{rel}","templated":true}]}}