{"id":739,"date":"2014-12-18T07:00:20","date_gmt":"2014-12-18T06:00:20","guid":{"rendered":"http:\/\/levangilealecran.com?p=739"},"modified":"2014-12-14T16:30:12","modified_gmt":"2014-12-14T15:30:12","slug":"avent-2014-jour-19","status":"publish","type":"post","link":"https:\/\/levangilealecran.com\/?p=739","title":{"rendered":"Avent 2014 &#8211; Jour 19"},"content":{"rendered":"<p style=\"text-align: justify;\">Voici que l\u2019ange du Seigneur apparut en songe \u00e0 Joseph et lui dit\u00a0: \u00ab\u00a0Joseph, fils de David, ne crains pas de prendre chez toi Marie, ton \u00e9pouse, puisque l\u2019enfant qui est engendr\u00e9 en elle vient de l\u2019Esprit Saint.\u00a0\u00bb \u00a0Mt 1, 18-25<\/p>\n<p><strong>&gt; Ne sommes-nous pas souvent paralys\u00e9s par la crainte de ce qui arrive, incapables d\u2019accueillir une nouvelle d\u00e9rangeante ou simplement un contretemps qui vient contrecarrer nos projets\u00a0? Pour Joseph, ce n\u2019est pas une petite affaire qui bouleverse sa vie. <\/strong><br \/>\n<strong>Et pourtant, l\u2019ange dit\u00a0: \u00ab\u00a0Ne crains pas\u00a0!\u00a0\u00bb<\/strong><br \/>\n<strong>Si aujourd\u2019hui nous accueillions toute visite impr\u00e9vue, tout t\u00e9l\u00e9phone \u00e0 un moment inopportun, toute emb\u00fbche, m\u00eame plus grave avec cette conviction que l\u2019Esprit Saint nous confie cette situation nouvelle et nous accorde la force qu\u2019il faut pour la vivre\u00a0?<\/strong><br \/>\n<strong>Aujourd\u2019hui, ne craignons pas de prendre chez nous ce qui nous advient, ceux qui nous adviennent, puisqu\u2019ils nous viennent de l\u2019Esprit Saint.<\/strong><\/p>\n","protected":false},"excerpt":{"rendered":"<p>Voici que l\u2019ange du Seigneur apparut en songe \u00e0 Joseph et lui dit\u00a0: \u00ab\u00a0Joseph, fils de David, ne crains pas de prendre chez toi Marie, ton \u00e9pouse, puisque l\u2019enfant qui est engendr\u00e9 en elle vient de l\u2019Esprit Saint.\u00a0\u00bb \u00a0Mt 1, 18-25 &gt; Ne sommes-nous pas souvent paralys\u00e9s par la crainte de ce qui arrive, incapables d\u2019accueillir une nouvelle d\u00e9rangeante ou simplement un contretemps qui vient contrecarrer nos projets\u00a0? Pour Joseph, ce n\u2019est pas une petite affaire qui bouleverse sa vie. Et pourtant, l\u2019ange dit\u00a0: \u00ab\u00a0Ne crains pas\u00a0!\u00a0\u00bb Si aujourd\u2019hui nous accueillions toute visite impr\u00e9vue, tout t\u00e9l\u00e9phone \u00e0 un moment inopportun, toute emb\u00fbche, m\u00eame plus grave avec cette conviction que l\u2019Esprit \u2026 <a class=\"continue-reading-link\" href=\"https:\/\/levangilealecran.com\/?p=739\"> Continue reading <span class=\"meta-nav\">&rarr; <\/span><\/a><\/p>\n","protected":false},"author":1,"featured_media":0,"comment_status":"open","ping_status":"open","sticky":false,"template":"","format":"standard","meta":{"footnotes":""},"categories":[147,8],"tags":[340,339,220,298,323,433],"class_list":["post-739","post","type-post","status-publish","format-standard","hentry","category-avent-2","category-matthieu","tag-accueil","tag-contretemps","tag-esprit","tag-inattendu","tag-invites-avent-2014","tag-matthieu"],"_links":{"self":[{"href":"https:\/\/levangilealecran.com\/index.php?rest_route=\/wp\/v2\/posts\/739","targetHints":{"allow":["GET"]}}],"collection":[{"href":"https:\/\/levangilealecran.com\/index.php?rest_route=\/wp\/v2\/posts"}],"about":[{"href":"https:\/\/levangilealecran.com\/index.php?rest_route=\/wp\/v2\/types\/post"}],"author":[{"embeddable":true,"href":"https:\/\/levangilealecran.com\/index.php?rest_route=\/wp\/v2\/users\/1"}],"replies":[{"embeddable":true,"href":"https:\/\/levangilealecran.com\/index.php?rest_route=%2Fwp%2Fv2%2Fcomments&post=739"}],"version-history":[{"count":1,"href":"https:\/\/levangilealecran.com\/index.php?rest_route=\/wp\/v2\/posts\/739\/revisions"}],"predecessor-version":[{"id":740,"href":"https:\/\/levangilealecran.com\/index.php?rest_route=\/wp\/v2\/posts\/739\/revisions\/740"}],"wp:attachment":[{"href":"https:\/\/levangilealecran.com\/index.php?rest_route=%2Fwp%2Fv2%2Fmedia&parent=739"}],"wp:term":[{"taxonomy":"category","embeddable":true,"href":"https:\/\/levangilealecran.com\/index.php?rest_route=%2Fwp%2Fv2%2Fcategories&post=739"},{"taxonomy":"post_tag","embeddable":true,"href":"https:\/\/levangilealecran.com\/index.php?rest_route=%2Fwp%2Fv2%2Ftags&post=739"}],"curies":[{"name":"wp","href":"https:\/\/api.w.org\/{rel}","templated":true}]}}