{"id":734,"date":"2014-12-16T07:00:34","date_gmt":"2014-12-16T06:00:34","guid":{"rendered":"http:\/\/levangilealecran.com?p=734"},"modified":"2014-12-14T16:24:19","modified_gmt":"2014-12-14T15:24:19","slug":"avent-2014-jour-17","status":"publish","type":"post","link":"https:\/\/levangilealecran.com\/?p=734","title":{"rendered":"Avent 2014 &#8211; Jour 17"},"content":{"rendered":"<p style=\"text-align: justify;\">Tandis que vous, apr\u00e8s avoir vu cela,\u00a0vous ne vous \u00eates m\u00eame pas repentis plus tard\u00a0pour croire \u00e0 sa parole. (Mt 28,32)<\/p>\n<p style=\"text-align: justify;\"><strong>&gt; Qu&rsquo;avons-nous vu? Que croyons-nous? Voir pour croire, croire pour voir?&#8230;<\/strong><br \/>\n<strong>Seule l&rsquo;ouverture provoqu\u00e9e par une v\u00e9ritable rencontre avec le Christ pourra amener ce d\u00e9placement qui nous fera l\u00e2cher prise, baisser notre garde, ouvrir nos mains et nos coeurs pour laisser cet amour qui transfigure nous habiter et nous amener \u00e0 changer durablement de vie.<\/strong><br \/>\n<strong>Rencontrer le Christ aujourd&rsquo;hui&#8230; c&rsquo;est mon cri: Viens, Seigneur J\u00e9sus!<\/strong><\/p>\n","protected":false},"excerpt":{"rendered":"<p>Tandis que vous, apr\u00e8s avoir vu cela,\u00a0vous ne vous \u00eates m\u00eame pas repentis plus tard\u00a0pour croire \u00e0 sa parole. (Mt 28,32) &gt; Qu&rsquo;avons-nous vu? Que croyons-nous? Voir pour croire, croire pour voir?&#8230; Seule l&rsquo;ouverture provoqu\u00e9e par une v\u00e9ritable rencontre avec le Christ pourra amener ce d\u00e9placement qui nous fera l\u00e2cher prise, baisser notre garde, ouvrir nos mains et nos coeurs pour laisser cet amour qui transfigure nous habiter et nous amener \u00e0 changer durablement de vie. Rencontrer le Christ aujourd&rsquo;hui&#8230; c&rsquo;est mon cri: Viens, Seigneur J\u00e9sus!<\/p>\n","protected":false},"author":1,"featured_media":0,"comment_status":"open","ping_status":"open","sticky":false,"template":"","format":"standard","meta":{"footnotes":""},"categories":[147,4,8],"tags":[337,323,100,433,41],"class_list":["post-734","post","type-post","status-publish","format-standard","hentry","category-avent-2","category-dimanche","category-matthieu","tag-croire","tag-invites-avent-2014","tag-lacher-prise","tag-matthieu","tag-rencontre"],"_links":{"self":[{"href":"https:\/\/levangilealecran.com\/index.php?rest_route=\/wp\/v2\/posts\/734","targetHints":{"allow":["GET"]}}],"collection":[{"href":"https:\/\/levangilealecran.com\/index.php?rest_route=\/wp\/v2\/posts"}],"about":[{"href":"https:\/\/levangilealecran.com\/index.php?rest_route=\/wp\/v2\/types\/post"}],"author":[{"embeddable":true,"href":"https:\/\/levangilealecran.com\/index.php?rest_route=\/wp\/v2\/users\/1"}],"replies":[{"embeddable":true,"href":"https:\/\/levangilealecran.com\/index.php?rest_route=%2Fwp%2Fv2%2Fcomments&post=734"}],"version-history":[{"count":2,"href":"https:\/\/levangilealecran.com\/index.php?rest_route=\/wp\/v2\/posts\/734\/revisions"}],"predecessor-version":[{"id":736,"href":"https:\/\/levangilealecran.com\/index.php?rest_route=\/wp\/v2\/posts\/734\/revisions\/736"}],"wp:attachment":[{"href":"https:\/\/levangilealecran.com\/index.php?rest_route=%2Fwp%2Fv2%2Fmedia&parent=734"}],"wp:term":[{"taxonomy":"category","embeddable":true,"href":"https:\/\/levangilealecran.com\/index.php?rest_route=%2Fwp%2Fv2%2Fcategories&post=734"},{"taxonomy":"post_tag","embeddable":true,"href":"https:\/\/levangilealecran.com\/index.php?rest_route=%2Fwp%2Fv2%2Ftags&post=734"}],"curies":[{"name":"wp","href":"https:\/\/api.w.org\/{rel}","templated":true}]}}