{"id":732,"date":"2014-12-15T07:00:47","date_gmt":"2014-12-15T06:00:47","guid":{"rendered":"http:\/\/levangilealecran.com?p=732"},"modified":"2014-12-14T16:22:29","modified_gmt":"2014-12-14T15:22:29","slug":"avent-2014-jour-16","status":"publish","type":"post","link":"https:\/\/levangilealecran.com\/?p=732","title":{"rendered":"Avent 2014 &#8211; Jour 16"},"content":{"rendered":"<p style=\"text-align: justify;\">J\u00e9sus \u00e9tait l\u00e0 en train d\u2019enseigner quand les chefs des pr\u00eatres et les anciens du peuple s\u2019approch\u00e8rent pour lui demander\u00a0:\u00a0\u00ab\u00a0de quelle autorit\u00e9 fais-tu tout cela\u00a0? Qui t\u2019a charg\u00e9 de le faire\u00a0?\u00a0\u00bb (Mt 21, 23-27)<\/p>\n<p><strong>&gt; Sans doute connaissons-nous beaucoup de personnes engag\u00e9es autour de nous, \u00e0 quelque niveau et dans quelque domaine que ce soit, dans des associations, services, actions\u2026\u00a0 Et nous, parmi elles. Invitons-nous aujourd\u2019hui \u00e0 remonter \u00e0 la source de ce qui fait notre \u00e9lan, notre source. Prions pour la v\u00e9rit\u00e9 de nos intentions.<\/strong><\/p>\n","protected":false},"excerpt":{"rendered":"<p>J\u00e9sus \u00e9tait l\u00e0 en train d\u2019enseigner quand les chefs des pr\u00eatres et les anciens du peuple s\u2019approch\u00e8rent pour lui demander\u00a0:\u00a0\u00ab\u00a0de quelle autorit\u00e9 fais-tu tout cela\u00a0? Qui t\u2019a charg\u00e9 de le faire\u00a0?\u00a0\u00bb (Mt 21, 23-27) &gt; Sans doute connaissons-nous beaucoup de personnes engag\u00e9es autour de nous, \u00e0 quelque niveau et dans quelque domaine que ce soit, dans des associations, services, actions\u2026\u00a0 Et nous, parmi elles. Invitons-nous aujourd\u2019hui \u00e0 remonter \u00e0 la source de ce qui fait notre \u00e9lan, notre source. Prions pour la v\u00e9rit\u00e9 de nos intentions.<\/p>\n","protected":false},"author":1,"featured_media":0,"comment_status":"open","ping_status":"open","sticky":false,"template":"","format":"standard","meta":{"footnotes":""},"categories":[147,8],"tags":[105,336,323,433,335],"class_list":["post-732","post","type-post","status-publish","format-standard","hentry","category-avent-2","category-matthieu","tag-engagement","tag-intentions","tag-invites-avent-2014","tag-matthieu","tag-source"],"_links":{"self":[{"href":"https:\/\/levangilealecran.com\/index.php?rest_route=\/wp\/v2\/posts\/732","targetHints":{"allow":["GET"]}}],"collection":[{"href":"https:\/\/levangilealecran.com\/index.php?rest_route=\/wp\/v2\/posts"}],"about":[{"href":"https:\/\/levangilealecran.com\/index.php?rest_route=\/wp\/v2\/types\/post"}],"author":[{"embeddable":true,"href":"https:\/\/levangilealecran.com\/index.php?rest_route=\/wp\/v2\/users\/1"}],"replies":[{"embeddable":true,"href":"https:\/\/levangilealecran.com\/index.php?rest_route=%2Fwp%2Fv2%2Fcomments&post=732"}],"version-history":[{"count":1,"href":"https:\/\/levangilealecran.com\/index.php?rest_route=\/wp\/v2\/posts\/732\/revisions"}],"predecessor-version":[{"id":733,"href":"https:\/\/levangilealecran.com\/index.php?rest_route=\/wp\/v2\/posts\/732\/revisions\/733"}],"wp:attachment":[{"href":"https:\/\/levangilealecran.com\/index.php?rest_route=%2Fwp%2Fv2%2Fmedia&parent=732"}],"wp:term":[{"taxonomy":"category","embeddable":true,"href":"https:\/\/levangilealecran.com\/index.php?rest_route=%2Fwp%2Fv2%2Fcategories&post=732"},{"taxonomy":"post_tag","embeddable":true,"href":"https:\/\/levangilealecran.com\/index.php?rest_route=%2Fwp%2Fv2%2Ftags&post=732"}],"curies":[{"name":"wp","href":"https:\/\/api.w.org\/{rel}","templated":true}]}}