{"id":724,"date":"2014-12-12T07:00:52","date_gmt":"2014-12-12T06:00:52","guid":{"rendered":"http:\/\/levangilealecran.com?p=724"},"modified":"2014-12-07T09:59:19","modified_gmt":"2014-12-07T08:59:19","slug":"avent-2014-jour-13","status":"publish","type":"post","link":"https:\/\/levangilealecran.com\/?p=724","title":{"rendered":"Avent 2014 &#8211; Jour 13"},"content":{"rendered":"<p style=\"text-align: justify;\">\u00ab\u00a0Nous avons jou\u00e9 de la fl\u00fbte et vous n\u2019avez pas dans\u00e9. Nous avons chant\u00e9 des lamentations et vous ne vous \u00eates pas frapp\u00e9s la poitrine.\u00a0\u00bb (Mt 11, 17)<\/p>\n<p style=\"text-align: justify;\"><strong>&gt; A l\u2019approche des f\u00eates de fin d\u2019ann\u00e9e, joie et deuil se font ressentir plus intens\u00e9ment.<\/strong><\/p>\n<p style=\"text-align: justify;\"><strong>Ne restons pas centr\u00e9s sur notre sentiment du jour. Laissons nos c\u0153urs s\u2019\u00e9veiller \u00e0 \u00ab\u00a0l\u2019air\u00a0\u00bb de celui que nous allons rencontrer. Laissons-nous \u00ab\u00a0accorder\u00a0\u00bb \u00e0 lui pour vivre avec lui un moment de \u00ab\u00a0communion\u00a0\u00bb.<\/strong><\/p>\n","protected":false},"excerpt":{"rendered":"<p>\u00ab\u00a0Nous avons jou\u00e9 de la fl\u00fbte et vous n\u2019avez pas dans\u00e9. Nous avons chant\u00e9 des lamentations et vous ne vous \u00eates pas frapp\u00e9s la poitrine.\u00a0\u00bb (Mt 11, 17) &gt; A l\u2019approche des f\u00eates de fin d\u2019ann\u00e9e, joie et deuil se font ressentir plus intens\u00e9ment. Ne restons pas centr\u00e9s sur notre sentiment du jour. Laissons nos c\u0153urs s\u2019\u00e9veiller \u00e0 \u00ab\u00a0l\u2019air\u00a0\u00bb de celui que nous allons rencontrer. Laissons-nous \u00ab\u00a0accorder\u00a0\u00bb \u00e0 lui pour vivre avec lui un moment de \u00ab\u00a0communion\u00a0\u00bb.<\/p>\n","protected":false},"author":1,"featured_media":0,"comment_status":"open","ping_status":"open","sticky":false,"template":"","format":"standard","meta":{"footnotes":""},"categories":[147],"tags":[178,93,323,75,433],"class_list":["post-724","post","type-post","status-publish","format-standard","hentry","category-avent-2","tag-communion","tag-deuil","tag-invites-avent-2014","tag-joie","tag-matthieu"],"_links":{"self":[{"href":"https:\/\/levangilealecran.com\/index.php?rest_route=\/wp\/v2\/posts\/724","targetHints":{"allow":["GET"]}}],"collection":[{"href":"https:\/\/levangilealecran.com\/index.php?rest_route=\/wp\/v2\/posts"}],"about":[{"href":"https:\/\/levangilealecran.com\/index.php?rest_route=\/wp\/v2\/types\/post"}],"author":[{"embeddable":true,"href":"https:\/\/levangilealecran.com\/index.php?rest_route=\/wp\/v2\/users\/1"}],"replies":[{"embeddable":true,"href":"https:\/\/levangilealecran.com\/index.php?rest_route=%2Fwp%2Fv2%2Fcomments&post=724"}],"version-history":[{"count":2,"href":"https:\/\/levangilealecran.com\/index.php?rest_route=\/wp\/v2\/posts\/724\/revisions"}],"predecessor-version":[{"id":726,"href":"https:\/\/levangilealecran.com\/index.php?rest_route=\/wp\/v2\/posts\/724\/revisions\/726"}],"wp:attachment":[{"href":"https:\/\/levangilealecran.com\/index.php?rest_route=%2Fwp%2Fv2%2Fmedia&parent=724"}],"wp:term":[{"taxonomy":"category","embeddable":true,"href":"https:\/\/levangilealecran.com\/index.php?rest_route=%2Fwp%2Fv2%2Fcategories&post=724"},{"taxonomy":"post_tag","embeddable":true,"href":"https:\/\/levangilealecran.com\/index.php?rest_route=%2Fwp%2Fv2%2Ftags&post=724"}],"curies":[{"name":"wp","href":"https:\/\/api.w.org\/{rel}","templated":true}]}}